{"id":2822,"date":"2025-07-25T10:30:06","date_gmt":"2025-07-25T14:30:06","guid":{"rendered":"https:\/\/radiopoloniawinnipeg.com\/index.php\/2025\/07\/25\/nadpalone-zwloki-na-srodku-ulicy-policja-zatrzymala-podejrzanego-o-zabojstwo\/"},"modified":"2025-07-25T10:30:06","modified_gmt":"2025-07-25T14:30:06","slug":"nadpalone-zwloki-na-srodku-ulicy-policja-zatrzymala-podejrzanego-o-zabojstwo","status":"publish","type":"post","link":"https:\/\/radiopoloniawinnipeg.com\/index.php\/2025\/07\/25\/nadpalone-zwloki-na-srodku-ulicy-policja-zatrzymala-podejrzanego-o-zabojstwo\/","title":{"rendered":"Nadpalone zw\u0142oki na \u015brodku ulicy. Policja zatrzyma\u0142a podejrzanego o zab\u00f3jstwo"},"content":{"rendered":"<p><img decoding=\"async\" loading=\"lazy\" class=\"aligncenter size-custom-full-size wp-image-218713\" src=\"https:\/\/bejsment.com\/wp-content\/uploads\/2025\/07\/aalasopole-636x356.jpg\" alt=\"\" width=\"636\" height=\"356\" \/><\/p>\n<p><strong>W czwartek wieczorem w miejscowo\u015bci Lasopole w powiecie gr\u00f3jeckim znaleziono nadpalone cia\u0142o m\u0119\u017cczyzny. Jak poinformowa\u0142a policja, wcze\u015bniej funkcjonariusze otrzymali zg\u0142oszenie o p\u0142on\u0105cej osobie. Na miejscu interweniowa\u0142y cztery zast\u0119py stra\u017cy po\u017carnej, zespo\u0142y ratownictwa medycznego oraz policyjne patrole. Po ugaszeniu ognia ratownicy stwierdzili zgon m\u0119\u017cczyzny.<\/strong><\/p>\n<p>W zwi\u0105zku ze spraw\u0105 zatrzymano 60-letniego m\u0119\u017cczyzn\u0119. Oficer prasowy Komendy Powiatowej Policji w Gr\u00f3jcu, asp. Agata S\u0142awi\u0144ska, potwierdzi\u0142a jedynie fakt zatrzymania oraz to, \u017ce spraw\u0105 zajmuje si\u0119 prokuratura. \u2013 Post\u0119powanie znajduje si\u0119 na bardzo wczesnym etapie \u2013 zaznaczy\u0142a.<\/p>\n<p>Wed\u0142ug nieoficjalnych doniesie\u0144 medialnych mog\u0142o doj\u015b\u0107 do brutalnego zab\u00f3jstwa przy u\u017cyciu siekiery. Obok cia\u0142a mia\u0142y znajdowa\u0107 si\u0119 m.in. kanister z \u0142atwopaln\u0105 substancj\u0105, narz\u0119dzie zbrodni, but oraz sztuczna szcz\u0119ka \u2013 jednak tych informacji nie potwierdzi\u0142a policja.<\/p>\n<p>Portal \u201eMiejski Reporter\u201d poda\u0142 natomiast, \u017ce 60-latek zosta\u0142 zatrzymany przez kontrterroryst\u00f3w na jednej z plebanii w powiecie piaseczy\u0144skim. Tak\u017ce i te doniesienia pozostaj\u0105 na razie nieoficjalne.<\/p>\n<p>S\u0142u\u017cby nie udzielaj\u0105 na tym etapie szczeg\u00f3\u0142owych informacji. Dochodzenie w sprawie tragicznego zdarzenia prowadzi prokuratura.<\/p>\n","protected":false},"excerpt":{"rendered":"<p>W czwartek wieczorem w miejscowo\u015bci Lasopole w powiecie gr\u00f3jeckim znaleziono nadpalone cia\u0142o m\u0119\u017cczyzny. Jak poinformowa\u0142a policja, wcze\u015bniej funkcjonariusze otrzymali zg\u0142oszenie o p\u0142on\u0105cej osobie. Na miejscu&hellip;<\/p>\n","protected":false},"author":3,"featured_media":2823,"comment_status":"open","ping_status":"open","sticky":false,"template":"","format":"standard","meta":{"footnotes":""},"categories":[14,18],"tags":[],"class_list":["post-2822","post","type-post","status-publish","format-standard","has-post-thumbnail","hentry","category-polska","category-top-news"],"_links":{"self":[{"href":"https:\/\/radiopoloniawinnipeg.com\/index.php\/wp-json\/wp\/v2\/posts\/2822","targetHints":{"allow":["GET"]}}],"collection":[{"href":"https:\/\/radiopoloniawinnipeg.com\/index.php\/wp-json\/wp\/v2\/posts"}],"about":[{"href":"https:\/\/radiopoloniawinnipeg.com\/index.php\/wp-json\/wp\/v2\/types\/post"}],"author":[{"embeddable":true,"href":"https:\/\/radiopoloniawinnipeg.com\/index.php\/wp-json\/wp\/v2\/users\/3"}],"replies":[{"embeddable":true,"href":"https:\/\/radiopoloniawinnipeg.com\/index.php\/wp-json\/wp\/v2\/comments?post=2822"}],"version-history":[{"count":0,"href":"https:\/\/radiopoloniawinnipeg.com\/index.php\/wp-json\/wp\/v2\/posts\/2822\/revisions"}],"wp:featuredmedia":[{"embeddable":true,"href":"https:\/\/radiopoloniawinnipeg.com\/index.php\/wp-json\/wp\/v2\/media\/2823"}],"wp:attachment":[{"href":"https:\/\/radiopoloniawinnipeg.com\/index.php\/wp-json\/wp\/v2\/media?parent=2822"}],"wp:term":[{"taxonomy":"category","embeddable":true,"href":"https:\/\/radiopoloniawinnipeg.com\/index.php\/wp-json\/wp\/v2\/categories?post=2822"},{"taxonomy":"post_tag","embeddable":true,"href":"https:\/\/radiopoloniawinnipeg.com\/index.php\/wp-json\/wp\/v2\/tags?post=2822"}],"curies":[{"name":"wp","href":"https:\/\/api.w.org\/{rel}","templated":true}]}}