{"id":2826,"date":"2025-07-25T12:15:06","date_gmt":"2025-07-25T16:15:06","guid":{"rendered":"https:\/\/radiopoloniawinnipeg.com\/index.php\/2025\/07\/25\/bron-to-za-malo-zaluzny-o-bledach-nato\/"},"modified":"2025-07-25T12:15:06","modified_gmt":"2025-07-25T16:15:06","slug":"bron-to-za-malo-zaluzny-o-bledach-nato","status":"publish","type":"post","link":"https:\/\/radiopoloniawinnipeg.com\/index.php\/2025\/07\/25\/bron-to-za-malo-zaluzny-o-bledach-nato\/","title":{"rendered":"Bro\u0144 to za ma\u0142o. Za\u0142u\u017cny o b\u0142\u0119dach NATO"},"content":{"rendered":"<div id=\"attachment_218734\" style=\"width: 646px\" class=\"wp-caption aligncenter\"><img decoding=\"async\" loading=\"lazy\" aria-describedby=\"caption-attachment-218734\" class=\"size-custom-full-size wp-image-218734\" src=\"https:\/\/bejsment.com\/wp-content\/uploads\/2025\/07\/aazaluzny-636x478.jpg\" alt=\"\" width=\"636\" height=\"478\" \/><\/p>\n<p id=\"caption-attachment-218734\" class=\"wp-caption-text\">Wa\u0142erij Za\u0142u\u017cny podczas uroczystych obchod\u00f3w Dnia Niepodleg\u0142o\u015bci Ukrainy<\/p>\n<\/div>\n<p><strong>By\u0142y dow\u00f3dca Si\u0142 Zbrojnych Ukrainy, a obecnie ambasador w Wielkiej Brytanii, genera\u0142 Walerij Za\u0142u\u017cny, w wywiadzie dla ukrai\u0144skiego portalu <em>Lw\u00f3w Bereg<\/em> ostro skrytykowa\u0142 podej\u015bcie pa\u0144stw NATO do przygotowa\u0144 obronnych. Jego zdaniem sojusznicy z Zachodu skupiaj\u0105 si\u0119 na modernizacji uzbrojenia, ale unikaj\u0105 g\u0142\u0119bokiej rewizji doktryn wojskowych \u2013 co mo\u017ce si\u0119 okaza\u0107 katastrofalne w razie przysz\u0142ego konfliktu.<\/strong><\/p>\n<p>\u2013 Kraje NATO wierz\u0105, \u017ce zbrojenie b\u0119dzie magiczn\u0105 r\u00f3\u017cd\u017ck\u0105, kt\u00f3ra pomo\u017ce im w ka\u017cdej chwili. A ja m\u00f3wi\u0119: nie \u2013 stwierdzi\u0142 Za\u0142u\u017cny. \u2013 Nowa bro\u0144 oznacza konieczno\u015b\u0107 nowej taktyki, nowych struktur u\u017cycia, a wi\u0119c i nowej doktryny. To z kolei wymaga nowego systemu szkolenia i finansowania. A to proces na oko\u0142o pi\u0119\u0107 lat \u2013 doda\u0142.<\/p>\n<p>Zwr\u00f3ci\u0142 uwag\u0119, \u017ce cho\u0107 NATO posiada oficjalne doktryny dotycz\u0105ce rozwoju i u\u017cycia si\u0142 zbrojnych, nie nad\u0105\u017caj\u0105 one za technologicznymi zmianami, jakie zachodz\u0105 na wsp\u00f3\u0142czesnym polu walki \u2013 m.in. w wyniku do\u015bwiadcze\u0144 z wojny w Ukrainie.<\/p>\n<p>\u2013 Te pi\u0119\u0107 lat to wariant optymistyczny, je\u015bli zaczn\u0105 dzia\u0142a\u0107 dzisiaj. Ale od p\u00f3\u0142tora roku obserwuj\u0119, jak to \u201edzisiaj\u201d mia\u0142o si\u0119 wydarzy\u0107 \u2013 i nic. Mi\u0119dzy politycznymi deklaracjami a praktyk\u0105 wojskow\u0105 panuje g\u0142\u0119boka rozbie\u017cno\u015b\u0107 \u2013 oceni\u0142 by\u0142y g\u0142\u00f3wnodowodz\u0105cy ukrai\u0144skiej armii.<\/p>\n<p>Za\u0142u\u017cny zaznaczy\u0142, \u017ce narodowe systemy obronne pa\u0144stw NATO w du\u017cym stopniu opieraj\u0105 si\u0119 na potencjale zbiorowego bezpiecze\u0144stwa, kt\u00f3ry w praktyce nie przek\u0142ada si\u0119 na szybkie wdra\u017canie nowoczesnych rozwi\u0105za\u0144. Wed\u0142ug niego Ukraina, kt\u00f3ra zdoby\u0142a unikatowe do\u015bwiadczenia w prowadzeniu nowoczesnej wojny, mog\u0142aby pom\u00f3c w budowaniu skuteczniejszych platform szkoleniowych i wymiany wiedzy.<\/p>\n<p>\u2013 Musimy zaanga\u017cowa\u0107 ich systemy szkoleniowe, aby mogli zobaczy\u0107, jak ta bro\u0144 zmienia taktyk\u0119 i krajobraz dzia\u0142a\u0144 bojowych \u2013 podsumowa\u0142 Za\u0142u\u017cny.<\/p>\n<p style=\"text-align: right\"><em>Na podst. I.Pl<\/em><\/p>\n","protected":false},"excerpt":{"rendered":"<p>Wa\u0142erij Za\u0142u\u017cny podczas uroczystych obchod\u00f3w Dnia Niepodleg\u0142o\u015bci Ukrainy By\u0142y dow\u00f3dca Si\u0142 Zbrojnych Ukrainy, a obecnie ambasador w Wielkiej Brytanii, genera\u0142 Walerij Za\u0142u\u017cny, w wywiadzie dla&hellip;<\/p>\n","protected":false},"author":3,"featured_media":2827,"comment_status":"open","ping_status":"open","sticky":false,"template":"","format":"standard","meta":{"footnotes":""},"categories":[15,18],"tags":[],"class_list":["post-2826","post","type-post","status-publish","format-standard","has-post-thumbnail","hentry","category-swiat","category-top-news"],"_links":{"self":[{"href":"https:\/\/radiopoloniawinnipeg.com\/index.php\/wp-json\/wp\/v2\/posts\/2826","targetHints":{"allow":["GET"]}}],"collection":[{"href":"https:\/\/radiopoloniawinnipeg.com\/index.php\/wp-json\/wp\/v2\/posts"}],"about":[{"href":"https:\/\/radiopoloniawinnipeg.com\/index.php\/wp-json\/wp\/v2\/types\/post"}],"author":[{"embeddable":true,"href":"https:\/\/radiopoloniawinnipeg.com\/index.php\/wp-json\/wp\/v2\/users\/3"}],"replies":[{"embeddable":true,"href":"https:\/\/radiopoloniawinnipeg.com\/index.php\/wp-json\/wp\/v2\/comments?post=2826"}],"version-history":[{"count":0,"href":"https:\/\/radiopoloniawinnipeg.com\/index.php\/wp-json\/wp\/v2\/posts\/2826\/revisions"}],"wp:featuredmedia":[{"embeddable":true,"href":"https:\/\/radiopoloniawinnipeg.com\/index.php\/wp-json\/wp\/v2\/media\/2827"}],"wp:attachment":[{"href":"https:\/\/radiopoloniawinnipeg.com\/index.php\/wp-json\/wp\/v2\/media?parent=2826"}],"wp:term":[{"taxonomy":"category","embeddable":true,"href":"https:\/\/radiopoloniawinnipeg.com\/index.php\/wp-json\/wp\/v2\/categories?post=2826"},{"taxonomy":"post_tag","embeddable":true,"href":"https:\/\/radiopoloniawinnipeg.com\/index.php\/wp-json\/wp\/v2\/tags?post=2826"}],"curies":[{"name":"wp","href":"https:\/\/api.w.org\/{rel}","templated":true}]}}