{"id":2830,"date":"2025-07-25T15:15:06","date_gmt":"2025-07-25T19:15:06","guid":{"rendered":"https:\/\/radiopoloniawinnipeg.com\/index.php\/2025\/07\/25\/smierc-na-sciance-wspinaczkowej\/"},"modified":"2025-07-25T15:15:06","modified_gmt":"2025-07-25T19:15:06","slug":"smierc-na-sciance-wspinaczkowej","status":"publish","type":"post","link":"https:\/\/radiopoloniawinnipeg.com\/index.php\/2025\/07\/25\/smierc-na-sciance-wspinaczkowej\/","title":{"rendered":"\u015amier\u0107 na \u015bciance wspinaczkowej"},"content":{"rendered":"<div id=\"attachment_218603\" style=\"width: 600px\" class=\"wp-caption aligncenter\"><img decoding=\"async\" loading=\"lazy\" aria-describedby=\"caption-attachment-218603\" class=\"size-custom-full-size wp-image-218603\" src=\"https:\/\/bejsment.com\/wp-content\/uploads\/2025\/07\/aascianka2.jpg\" alt=\"\" width=\"590\" height=\"300\" \/><\/p>\n<p id=\"caption-attachment-218603\" class=\"wp-caption-text\">Zdj\u0119cie ilustracyjne<\/p>\n<\/div>\n<p><strong>W czwartek na warszawskich Bielanach dosz\u0142o do tragicznego wypadku w centrum wspinaczkowym. 72-letnia kobieta spad\u0142a z wysoko\u015bci oko\u0142o 10 metr\u00f3w podczas \u0107wicze\u0144 na \u015bciance wspinaczkowej. Mimo natychmiastowej reanimacji nie uda\u0142o si\u0119 jej uratowa\u0107.<\/strong><\/p>\n<p>Do zdarzenia dosz\u0142o o godzinie 12:44 w Arenie Wspinaczkowej Makak. Jak poinformowa\u0142o sto\u0142eczne pogotowie ratunkowe, seniorka dozna\u0142a zatrzymania kr\u0105\u017cenia w wyniku upadku z du\u017cej wysoko\u015bci. Podinspektor Elwira Koz\u0142owska z komendy policji na Bielanach potwierdzi\u0142a, \u017ce kobieta zmar\u0142a na miejscu.<\/p>\n<p>Zesp\u00f3\u0142 centrum wspinaczkowego opublikowa\u0142 poruszaj\u0105ce o\u015bwiadczenie w mediach spo\u0142eczno\u015bciowych. Jak podano, kobieta \u2013 znana i lubiana w \u015brodowisku jako Bogusia \u2013 przed rozpocz\u0119ciem wspinaczki nie wpi\u0119\u0142a si\u0119 do ta\u015bmy autoasekuracyjnej.<\/p>\n<p>\u201eWstrz\u0105\u015bni\u0119ci i zdruzgotani zawiadamiamy, \u017ce dzi\u015b na Makaku, na skutek nieszcz\u0119\u015bliwego wypadku, zgin\u0119\u0142a nasza kole\u017canka Bogusia. (\u2026) Jej ciep\u0142a, optymizmu i serdeczno\u015bci b\u0119dzie nam w ca\u0142ym \u015brodowisku wspinaczkowym ogromnie brakowa\u0107\u201d \u2013 czytamy w komunikacie.<\/p>\n<p>W\u0142adze Areny Wspinaczkowej Makak poinformowa\u0142y, \u017ce obiekt zostanie tymczasowo zamkni\u0119ty. Policja prowadzi czynno\u015bci wyja\u015bniaj\u0105ce w sprawie tragicznego zdarzenia.<\/p>\n<p style=\"text-align: right\"><em>Na podst. Polsat News<\/em><\/p>\n","protected":false},"excerpt":{"rendered":"<p>Zdj\u0119cie ilustracyjne W czwartek na warszawskich Bielanach dosz\u0142o do tragicznego wypadku w centrum wspinaczkowym. 72-letnia kobieta spad\u0142a z wysoko\u015bci oko\u0142o 10 metr\u00f3w podczas \u0107wicze\u0144 na&hellip;<\/p>\n","protected":false},"author":3,"featured_media":2831,"comment_status":"open","ping_status":"open","sticky":false,"template":"","format":"standard","meta":{"footnotes":""},"categories":[14,18],"tags":[],"class_list":["post-2830","post","type-post","status-publish","format-standard","has-post-thumbnail","hentry","category-polska","category-top-news"],"_links":{"self":[{"href":"https:\/\/radiopoloniawinnipeg.com\/index.php\/wp-json\/wp\/v2\/posts\/2830","targetHints":{"allow":["GET"]}}],"collection":[{"href":"https:\/\/radiopoloniawinnipeg.com\/index.php\/wp-json\/wp\/v2\/posts"}],"about":[{"href":"https:\/\/radiopoloniawinnipeg.com\/index.php\/wp-json\/wp\/v2\/types\/post"}],"author":[{"embeddable":true,"href":"https:\/\/radiopoloniawinnipeg.com\/index.php\/wp-json\/wp\/v2\/users\/3"}],"replies":[{"embeddable":true,"href":"https:\/\/radiopoloniawinnipeg.com\/index.php\/wp-json\/wp\/v2\/comments?post=2830"}],"version-history":[{"count":0,"href":"https:\/\/radiopoloniawinnipeg.com\/index.php\/wp-json\/wp\/v2\/posts\/2830\/revisions"}],"wp:featuredmedia":[{"embeddable":true,"href":"https:\/\/radiopoloniawinnipeg.com\/index.php\/wp-json\/wp\/v2\/media\/2831"}],"wp:attachment":[{"href":"https:\/\/radiopoloniawinnipeg.com\/index.php\/wp-json\/wp\/v2\/media?parent=2830"}],"wp:term":[{"taxonomy":"category","embeddable":true,"href":"https:\/\/radiopoloniawinnipeg.com\/index.php\/wp-json\/wp\/v2\/categories?post=2830"},{"taxonomy":"post_tag","embeddable":true,"href":"https:\/\/radiopoloniawinnipeg.com\/index.php\/wp-json\/wp\/v2\/tags?post=2830"}],"curies":[{"name":"wp","href":"https:\/\/api.w.org\/{rel}","templated":true}]}}