{"id":2842,"date":"2025-07-26T07:30:06","date_gmt":"2025-07-26T11:30:06","guid":{"rendered":"https:\/\/radiopoloniawinnipeg.com\/index.php\/2025\/07\/26\/uznanski-wisniewski-przed-ogromna-szansa-wszystko-zalezy-od-polskich-podatnikow\/"},"modified":"2025-07-26T07:30:06","modified_gmt":"2025-07-26T11:30:06","slug":"uznanski-wisniewski-przed-ogromna-szansa-wszystko-zalezy-od-polskich-podatnikow","status":"publish","type":"post","link":"https:\/\/radiopoloniawinnipeg.com\/index.php\/2025\/07\/26\/uznanski-wisniewski-przed-ogromna-szansa-wszystko-zalezy-od-polskich-podatnikow\/","title":{"rendered":"Uzna\u0144ski-Wi\u015bniewski przed ogromn\u0105 szans\u0105. Wszystko zale\u017cy od polskich podatnik\u00f3w"},"content":{"rendered":"<p><img decoding=\"async\" loading=\"lazy\" class=\"aligncenter size-custom-full-size wp-image-218790\" src=\"https:\/\/bejsment.com\/wp-content\/uploads\/2025\/07\/aaslawosz-1-636x358.jpg\" alt=\"\" width=\"636\" height=\"358\" \/><\/p>\n<p><strong>S\u0142awosz Uzna\u0144ski-Wi\u015bniewski, polski astronauta, kt\u00f3ry niedawno wr\u00f3ci\u0142 z misji IGNIS na Mi\u0119dzynarodowej Stacji Kosmicznej, mo\u017ce wkr\u00f3tce do\u0142\u0105czy\u0107 do elitarnego grona sta\u0142ych cz\u0142onk\u00f3w Europejskiego Korpusu Astronaut\u00f3w. Jak podkre\u015bli\u0142 dyrektor generalny Europejskiej Agencji Kosmicznej (ESA) Josef Aschbacher, Uzna\u0144ski-Wi\u015bniewski to \u201edobry, niezwykle mocny kandydat\u201d.<\/strong><\/p>\n<p>Dyrektor ESA uczestniczy\u0142 w powitaniu astronauty na lotnisku Ok\u0119cie, gdzie przypomnia\u0142, \u017ce misja IGNIS mia\u0142a wyj\u0105tkowo intensywny i mi\u0119dzynarodowy charakter.<\/p>\n<p>\u2013 IGNIS to ogie\u0144 \u2013 pe\u0142na energii i eksperyment\u00f3w. By\u0142a to najaktywniejsza z dotychczasowych misji komercyjnych realizowanych przez Axiom Space \u2013 zaznaczy\u0142 Aschbacher.<\/p>\n<p>W sk\u0142adzie za\u0142ogi znale\u017ali si\u0119 astronauci z Polski, Indii, USA i W\u0119gier.<\/p>\n<p>\u2013 Kosmos nie zna granic \u2013 powiedzia\u0142 Aschbacher, podkre\u015blaj\u0105c wag\u0119 mi\u0119dzynarodowej wsp\u00f3\u0142pracy.<\/p>\n<p>Zapytany o przysz\u0142o\u015b\u0107 Uzna\u0144skiego-Wi\u015bniewskiego, Aschbacher przyzna\u0142, \u017ce decyzja o w\u0142\u0105czeniu go do korpusu astronaut\u00f3w ESA <strong>zale\u017cy m.in. od rozm\u00f3w z polskim rz\u0105dem<\/strong>.<\/p>\n<p>\u2013 Potrzebna b\u0119dzie wsp\u00f3\u0142praca mi\u0119dzy S\u0142awoszem, polskim rz\u0105dem i ESA. Kolejne decyzje mog\u0105 zapa\u015b\u0107 podczas posiedzenia Rady ESA pod koniec roku \u2013 doda\u0142.<\/p>\n<p>Szef ESA zauwa\u017cy\u0142 r\u00f3wnie\u017c, \u017ce Polska dynamicznie rozwija sektor technologii kosmicznych. \u2013 Chcia\u0142bym pom\u00f3c Polsce przej\u015b\u0107 od etapu wczesnego do mistrzowskiego. S\u0142awosz odegra w tym kluczow\u0105 rol\u0119 \u2013 zaznaczy\u0142.<\/p>\n<p>W planach ESA s\u0105 zar\u00f3wno dalsze misje na Mi\u0119dzynarodow\u0105 Stacj\u0119 Kosmiczn\u0105, jak i udzia\u0142 w projekcie stacji Gateway, kt\u00f3ra powstanie w pobli\u017cu Ksi\u0119\u017cyca. Aschbacher wyrazi\u0142 nadziej\u0119, \u017ce w przysz\u0142o\u015bci Europa rozwinie w\u0142asny program za\u0142ogowych lot\u00f3w kosmicznych \u2013 do czego potrzebna b\u0119dzie wizja i odwaga polityk\u00f3w.<\/p>\n<p>Pytany o szanse Polaka, Aschbacher odpowiedzia\u0142:<\/p>\n<p>\u2013 Mam ostatnie s\u0142owo w tej sprawie, ale decyzja wymaga czasu i uwzgl\u0119dnienia wielu czynnik\u00f3w. S\u0142awosz to bardzo silny kandydat.<\/p>\n<p>Sam Uzna\u0144ski-Wi\u015bniewski zadeklarowa\u0142, \u017ce jest gotowy reprezentowa\u0107 Polsk\u0119, je\u015bli dostanie tak\u0105 szans\u0119.<\/p>\n<p>\u2013 By\u0142by to dla mnie ogromny zaszczyt \u2013 powiedzia\u0142.<\/p>\n<p>W \u015brod\u0119 Ministerstwo Rozwoju i Technologii (od czwartku dzia\u0142aj\u0105ce ju\u017c w strukturze Ministerstwa Finans\u00f3w i Gospodarki) poinformowa\u0142o, \u017ce rozwa\u017ca udzia\u0142 polskiego astronauty w podstawowym korpusie ESA.<\/p>\n<p><strong>Warunkiem ma by\u0107 m.in. wysoko\u015b\u0107 polskiej sk\u0142adki do Agencji \u2013 resort d\u0105\u017cy do utrzymania jej na poziomie 400 mln euro, czyli takiej jak w latach 2022\u20132023.<\/strong><\/p>\n<p>Jak wida\u0107 \u2013 bilet na orbit\u0119 jest bardzo drogi.<\/p>\n<p style=\"text-align: right\"><em>Na podst. Polsat News<\/em><\/p>\n","protected":false},"excerpt":{"rendered":"<p>S\u0142awosz Uzna\u0144ski-Wi\u015bniewski, polski astronauta, kt\u00f3ry niedawno wr\u00f3ci\u0142 z misji IGNIS na Mi\u0119dzynarodowej Stacji Kosmicznej, mo\u017ce wkr\u00f3tce do\u0142\u0105czy\u0107 do elitarnego grona sta\u0142ych cz\u0142onk\u00f3w Europejskiego Korpusu Astronaut\u00f3w.&hellip;<\/p>\n","protected":false},"author":3,"featured_media":2843,"comment_status":"open","ping_status":"open","sticky":false,"template":"","format":"standard","meta":{"footnotes":""},"categories":[14,18],"tags":[],"class_list":["post-2842","post","type-post","status-publish","format-standard","has-post-thumbnail","hentry","category-polska","category-top-news"],"_links":{"self":[{"href":"https:\/\/radiopoloniawinnipeg.com\/index.php\/wp-json\/wp\/v2\/posts\/2842","targetHints":{"allow":["GET"]}}],"collection":[{"href":"https:\/\/radiopoloniawinnipeg.com\/index.php\/wp-json\/wp\/v2\/posts"}],"about":[{"href":"https:\/\/radiopoloniawinnipeg.com\/index.php\/wp-json\/wp\/v2\/types\/post"}],"author":[{"embeddable":true,"href":"https:\/\/radiopoloniawinnipeg.com\/index.php\/wp-json\/wp\/v2\/users\/3"}],"replies":[{"embeddable":true,"href":"https:\/\/radiopoloniawinnipeg.com\/index.php\/wp-json\/wp\/v2\/comments?post=2842"}],"version-history":[{"count":0,"href":"https:\/\/radiopoloniawinnipeg.com\/index.php\/wp-json\/wp\/v2\/posts\/2842\/revisions"}],"wp:featuredmedia":[{"embeddable":true,"href":"https:\/\/radiopoloniawinnipeg.com\/index.php\/wp-json\/wp\/v2\/media\/2843"}],"wp:attachment":[{"href":"https:\/\/radiopoloniawinnipeg.com\/index.php\/wp-json\/wp\/v2\/media?parent=2842"}],"wp:term":[{"taxonomy":"category","embeddable":true,"href":"https:\/\/radiopoloniawinnipeg.com\/index.php\/wp-json\/wp\/v2\/categories?post=2842"},{"taxonomy":"post_tag","embeddable":true,"href":"https:\/\/radiopoloniawinnipeg.com\/index.php\/wp-json\/wp\/v2\/tags?post=2842"}],"curies":[{"name":"wp","href":"https:\/\/api.w.org\/{rel}","templated":true}]}}