{"id":2846,"date":"2025-07-26T10:15:07","date_gmt":"2025-07-26T14:15:07","guid":{"rendered":"https:\/\/radiopoloniawinnipeg.com\/index.php\/2025\/07\/26\/holownia-wielokrotnie-sugerowano-mi-przeprowadzenie-zamachu-stanu\/"},"modified":"2025-07-26T10:15:07","modified_gmt":"2025-07-26T14:15:07","slug":"holownia-wielokrotnie-sugerowano-mi-przeprowadzenie-zamachu-stanu","status":"publish","type":"post","link":"https:\/\/radiopoloniawinnipeg.com\/index.php\/2025\/07\/26\/holownia-wielokrotnie-sugerowano-mi-przeprowadzenie-zamachu-stanu\/","title":{"rendered":"Ho\u0142ownia: Wielokrotnie sugerowano mi przeprowadzenie zamachu stanu"},"content":{"rendered":"<p><img decoding=\"async\" loading=\"lazy\" class=\"aligncenter size-custom-full-size wp-image-218799\" src=\"https:\/\/bejsment.com\/wp-content\/uploads\/2025\/07\/aaholownia-2-636x399.jpg\" alt=\"\" width=\"636\" height=\"399\" \/><\/p>\n<p><strong>Marsza\u0142ek Sejmu Szymon Ho\u0142ownia ujawni\u0142 w programie <em>\u201eGo\u015b\u0107 Wydarze\u0144\u201d<\/em> na antenie Polsat News, \u017ce po og\u0142oszeniu zwyci\u0119stwa Karola Nawrockiego w wyborach prezydenckich wielokrotnie sugerowano mu, by nie dopu\u015bci\u0142 do zaprzysi\u0119\u017cenia nowego prezydenta. Jak stwierdzi\u0142, by\u0142 to de facto apel o zamach stanu. \u2013 Unikn\u0119li\u015bmy rozpadu pa\u0144stwa \u2013 podkre\u015bli\u0142.<\/strong><\/p>\n<p>Ho\u0142ownia przyzna\u0142, \u017ce po wyborach by\u0142 \u201erozpytywany\u201d, czy got\u00f3w by\u0142by op\u00f3\u017ani\u0107 lub zablokowa\u0107 zaprzysi\u0119\u017cenie prezydenta elekta. \u2013 <strong>Wielokrotnie proponowano mi przeprowadzenie zamachu stanu. To nie by\u0142 m\u00f3j kandydat, nie g\u0142osowa\u0142em na niego, ale jako marsza\u0142ek Sejmu jestem zobowi\u0105zany do odebrania przysi\u0119gi, zapewnienia ci\u0105g\u0142o\u015bci w\u0142adzy i zwierzchnictwa nad si\u0142ami zbrojnymi<\/strong> \u2013 zaznaczy\u0142.<\/p>\n<p>Jak doda\u0142, cho\u0107 formalnie wybory prezydenckie nie zosta\u0142y podwa\u017cone, pojawia\u0142y si\u0119 naciski, by wykorzysta\u0107 moment niepewno\u015bci i \u201ezawiesi\u0107 pa\u0144stwo\u201d.<\/p>\n<p>\u2013 <strong>Zamachu stanu ze mn\u0105 si\u0119 nie zrobi<\/strong> \u2013 powiedzia\u0142 stanowczo.<\/p>\n<p>Ho\u0142ownia nie ujawni\u0142 konkretnych nazwisk os\u00f3b, kt\u00f3re mia\u0142y sk\u0142ada\u0107 mu takie propozycje. Przyzna\u0142 jednak, \u017ce byli to politycy, prawnicy i inne osoby \u201esfrustrowane wynikiem wybor\u00f3w\u201d.<\/p>\n<p>\u2013 Nie mo\u017cna pa\u0144stwa zawiesza\u0107 tylko dlatego, \u017ce wygra\u0142 nie ten kandydat, kt\u00f3rego kto\u015b sobie \u017cyczy\u0142. To by\u0142oby igranie z fundamentami demokracji \u2013 stwierdzi\u0142.<\/p>\n<p>W rozmowach koalicyjnych, jak relacjonowa\u0142 marsza\u0142ek, zapad\u0142o wsp\u00f3lne stanowisko lider\u00f3w, w tym Donalda Tuska, W\u0142adys\u0142awa Kosiniaka-Kamysza i W\u0142odzimierza Czarzastego.<\/p>\n<p>\u2013 Byli\u015bmy jednomy\u015blni \u2013 pa\u0144stwo musi funkcjonowa\u0107, niezale\u017cnie od osobistych sympatii politycznych \u2013 powiedzia\u0142 Ho\u0142ownia.<\/p>\n<p>Marsza\u0142ek Sejmu odni\u00f3s\u0142 si\u0119 tak\u017ce do sprawy Telewizji Polskiej, okre\u015blaj\u0105c j\u0105 jako \u201eczerwon\u0105 lini\u0119\u201d dla Polski 2050.<\/p>\n<p>\u2013 Je\u015bli nie b\u0119dziemy w stanie realizowa\u0107 zobowi\u0105za\u0144 wobec wyborc\u00f3w, to podzi\u0119kujemy za wsp\u00f3\u0142prac\u0119 \u2013 zapowiedzia\u0142. Doda\u0142 jednak, \u017ce nie chce tworzy\u0107 atmosfery szanta\u017cu politycznego i woli dzia\u0142a\u0107 konstruktywnie, cho\u0107 \u2013 jak zaznaczy\u0142 \u2013 \u201eprzyjdzie taki moment, \u017ce nie b\u0119dzie sensu dalej si\u0119 kopa\u0107 z koniem\u201d.<\/p>\n<h3><strong>Jest wniosek do prokuratury<\/strong><\/h3>\n<p>Jak poinformowa\u0142 na platformie X adwokat Bartosz Lewandowski z Ordo Iuris, \u201ew nawi\u0105zaniu do kolejnych medialnych doniesie\u0144 o pod\u017ceganiu pana Marsza\u0142ka Szymona Ho\u0142owni do uniemo\u017cliwienia zaprzysi\u0119\u017cenia prezydenta-elektra Karola Nawrockiego, a przez to zmiany ustroju pa\u0144stwa i zamachu stanu, informuj\u0119, \u017ce w imieniu pokrzywdzonej Krajowej Rady S\u0105downictwa z\u0142o\u017cy\u0142em do Prokuratury Okr\u0119gowej w Warszawie wniosek dowodowy o przes\u0142uchanie pana Marsza\u0142ka w charakterze \u015bwiadka&#8221;.<\/p>\n<p>\u201eWniosek zosta\u0142 z\u0142o\u017cony w toku prowadzonego w Prokuraturze Okr\u0119gowej w Warszawie \u015bledztwa dotycz\u0105cego czynu z art. 127 KK zainicjowanego przez prok. Micha\u0142a Ostrowskiego, kt\u00f3ry zosta\u0142 zawieszony przez poprzedniego Prokuratora Generalnego Adama Bodnara w lutym br.&#8221; &#8211; napisa\u0142 mecenas Lewandowski.<\/p>\n<p>Adwokat doda\u0142 przy tym, \u017ce \u201ew przypadku uwzgl\u0119dniania wniosku dowodowego, pan Marsza\u0142ek Szymon Ho\u0142ownia, <strong>b\u0119dzie musia\u0142 ujawni\u0107 nazwiska os\u00f3b<\/strong>, kt\u00f3re pod\u017cega\u0142y go do niedope\u0142nienia obowi\u0105zk\u00f3w i uniemo\u017cliwienia zaprzysi\u0119\u017cenia Prezydenta Karola Nawrockiego, a tak\u017ce przedstawi\u0107 okoliczno\u015bci takich czyn\u00f3w&#8221;. <strong>\u201ePod\u017ceganie do pope\u0142nienia czynu zabronionego jest przest\u0119pstwem samoistnym i nie ma znaczenia czy nak\u0142aniany dopu\u015bci\u0142 si\u0119 przekroczenia prawa czy nie&#8221;<\/strong> &#8211; doda\u0142.<\/p>\n<p>Podkre\u015bli\u0142 jednocze\u015bnie, \u017ce \u201ewiedza ujawniona przez pana Marsza\u0142ka ma bardzo istotne znaczenie dla tocz\u0105cego si\u0119 \u015bledztwa&#8221;. \u201eMam nadziej\u0119, \u017ce prokurator uwzgl\u0119dni wniosek i niezw\u0142ocznie wyznaczy termin czynno\u015bci w tej sprawie&#8221; &#8211; napisa\u0142 mecenas.<\/p>\n<p style=\"text-align: right\"><em>Na podst. Polsat News<\/em><\/p>\n","protected":false},"excerpt":{"rendered":"<p>Marsza\u0142ek Sejmu Szymon Ho\u0142ownia ujawni\u0142 w programie \u201eGo\u015b\u0107 Wydarze\u0144\u201d na antenie Polsat News, \u017ce po og\u0142oszeniu zwyci\u0119stwa Karola Nawrockiego w wyborach prezydenckich wielokrotnie sugerowano mu,&hellip;<\/p>\n","protected":false},"author":3,"featured_media":2847,"comment_status":"open","ping_status":"open","sticky":false,"template":"","format":"standard","meta":{"footnotes":""},"categories":[14,18],"tags":[],"class_list":["post-2846","post","type-post","status-publish","format-standard","has-post-thumbnail","hentry","category-polska","category-top-news"],"_links":{"self":[{"href":"https:\/\/radiopoloniawinnipeg.com\/index.php\/wp-json\/wp\/v2\/posts\/2846","targetHints":{"allow":["GET"]}}],"collection":[{"href":"https:\/\/radiopoloniawinnipeg.com\/index.php\/wp-json\/wp\/v2\/posts"}],"about":[{"href":"https:\/\/radiopoloniawinnipeg.com\/index.php\/wp-json\/wp\/v2\/types\/post"}],"author":[{"embeddable":true,"href":"https:\/\/radiopoloniawinnipeg.com\/index.php\/wp-json\/wp\/v2\/users\/3"}],"replies":[{"embeddable":true,"href":"https:\/\/radiopoloniawinnipeg.com\/index.php\/wp-json\/wp\/v2\/comments?post=2846"}],"version-history":[{"count":0,"href":"https:\/\/radiopoloniawinnipeg.com\/index.php\/wp-json\/wp\/v2\/posts\/2846\/revisions"}],"wp:featuredmedia":[{"embeddable":true,"href":"https:\/\/radiopoloniawinnipeg.com\/index.php\/wp-json\/wp\/v2\/media\/2847"}],"wp:attachment":[{"href":"https:\/\/radiopoloniawinnipeg.com\/index.php\/wp-json\/wp\/v2\/media?parent=2846"}],"wp:term":[{"taxonomy":"category","embeddable":true,"href":"https:\/\/radiopoloniawinnipeg.com\/index.php\/wp-json\/wp\/v2\/categories?post=2846"},{"taxonomy":"post_tag","embeddable":true,"href":"https:\/\/radiopoloniawinnipeg.com\/index.php\/wp-json\/wp\/v2\/tags?post=2846"}],"curies":[{"name":"wp","href":"https:\/\/api.w.org\/{rel}","templated":true}]}}