{"id":2850,"date":"2025-07-26T16:30:07","date_gmt":"2025-07-26T20:30:07","guid":{"rendered":"https:\/\/radiopoloniawinnipeg.com\/index.php\/2025\/07\/26\/lukaszenka-szykujemy-sie-do-wojny\/"},"modified":"2025-07-26T16:30:07","modified_gmt":"2025-07-26T20:30:07","slug":"lukaszenka-szykujemy-sie-do-wojny","status":"publish","type":"post","link":"https:\/\/radiopoloniawinnipeg.com\/index.php\/2025\/07\/26\/lukaszenka-szykujemy-sie-do-wojny\/","title":{"rendered":"\u0141ukaszenka: \u201eSzykujemy si\u0119 do wojny\u201d"},"content":{"rendered":"<p><img decoding=\"async\" loading=\"lazy\" class=\"aligncenter size-custom-full-size wp-image-218815\" src=\"https:\/\/bejsment.com\/wp-content\/uploads\/2025\/07\/aalukaszenka2-636x424.jpg\" alt=\"\" width=\"636\" height=\"424\" \/><\/p>\n<p><strong>\u2013 Bia\u0142oru\u015b szykuje si\u0119 do wojny, na wszelki wypadek \u2013 o\u015bwiadczy\u0142 Alaksandr \u0141ukaszenka podczas wizyty w jednym z gospodarstw rolnych w obwodzie mi\u0144skim. S\u0142owa bia\u0142oruskiego przyw\u00f3dcy, wypowiedziane w obecno\u015bci dziennikarek, odbi\u0142y si\u0119 szerokim echem zar\u00f3wno w bia\u0142oruskich, jak i rosyjskich mediach \u2013 cytowa\u0142a je m.in. agencja TASS.<\/strong><\/p>\n<p>\u0141ukaszenka odwiedzi\u0142 gospodarstwo Ozierickij-Agro, by \u2013 jak relacjonowano \u2013 skontrolowa\u0107 przebieg \u017cniw. W pewnym momencie, odpowiadaj\u0105c na jedno z pyta\u0144, stwierdzi\u0142:<br \/>\n\u2013 Szykujemy si\u0119 do wojny. Na wszelki wypadek.<br \/>\n\u2013 Mamy nadziej\u0119, \u017ce si\u0119 nie zacznie \u2013 odpowiedzia\u0142a dziennikarka.<br \/>\n\u2013 Ja te\u017c mam nadziej\u0119 \u2013 doda\u0142 \u0141ukaszenka.<\/p>\n<p>To nie pierwszy raz, gdy bia\u0142oruski dyktator wypowiada si\u0119 w podobnym tonie. W kwietniu 2024 roku, podczas wizyty w Grodnie, powiedzia\u0142:<br \/>\n\u2013 Chcesz pokoju, szykuj si\u0119 do wojny. Nie ja to wymy\u015bli\u0142em, ale to bardzo dobrze powiedziane.<br \/>\nPodobne s\u0142owa pad\u0142y r\u00f3wnie\u017c we wrze\u015bniu 2023 roku. W\u00f3wczas \u0141ukaszenka podkre\u015bla\u0142, \u017ce Bia\u0142oru\u015b nie chce walczy\u0107, ale \u2013 jak twierdzi\u0142 \u2013 wobec dzia\u0142a\u0144 Zachodu \u201etrzeba si\u0119 szykowa\u0107\u201d.<\/p>\n<p>W tym kontek\u015bcie bia\u0142oruskie w\u0142adze rozwa\u017caj\u0105 zmian\u0119 decyzji w sprawie planowanych na 2025 rok manewr\u00f3w wojskowych Zapad. Jak podaje portal Kyiv Independent, Bia\u0142oru\u015b mo\u017ce cofn\u0105\u0107 wcze\u015bniejsze postanowienie o przesuni\u0119ciu wsp\u00f3lnych \u0107wicze\u0144 z Rosj\u0105 w g\u0142\u0105b kraju \u2013 z dala od granic z Polsk\u0105 i Litw\u0105.<\/p>\n<p>Wiceminister obrony Pawe\u0142 Murawiejka twierdzi, \u017ce pierwotna decyzja mia\u0142a s\u0142u\u017cy\u0107 deeskalacji. \u2013 Zdecydowali\u015bmy si\u0119 oddali\u0107 \u0107wiczenia od granicy, by zmniejszy\u0107 napi\u0119cia, ale nasi zachodni koledzy zacz\u0119li wok\u00f3\u0142 tego spekulowa\u0107 \u2013 powiedzia\u0142.<\/p>\n<p>Jak t\u0142umaczy Mi\u0144sk, ewentualny powr\u00f3t manewr\u00f3w bli\u017cej zachodniej granicy to reakcja na rzekom\u0105 \u201eeskalacj\u0119\u201d ze strony Polski i Litwy.<\/p>\n<p style=\"text-align: right\"><em>Na podst. Polsat News<\/em><\/p>\n","protected":false},"excerpt":{"rendered":"<p>\u2013 Bia\u0142oru\u015b szykuje si\u0119 do wojny, na wszelki wypadek \u2013 o\u015bwiadczy\u0142 Alaksandr \u0141ukaszenka podczas wizyty w jednym z gospodarstw rolnych w obwodzie mi\u0144skim. S\u0142owa bia\u0142oruskiego&hellip;<\/p>\n","protected":false},"author":3,"featured_media":2851,"comment_status":"open","ping_status":"open","sticky":false,"template":"","format":"standard","meta":{"footnotes":""},"categories":[15,18],"tags":[],"class_list":["post-2850","post","type-post","status-publish","format-standard","has-post-thumbnail","hentry","category-swiat","category-top-news"],"_links":{"self":[{"href":"https:\/\/radiopoloniawinnipeg.com\/index.php\/wp-json\/wp\/v2\/posts\/2850","targetHints":{"allow":["GET"]}}],"collection":[{"href":"https:\/\/radiopoloniawinnipeg.com\/index.php\/wp-json\/wp\/v2\/posts"}],"about":[{"href":"https:\/\/radiopoloniawinnipeg.com\/index.php\/wp-json\/wp\/v2\/types\/post"}],"author":[{"embeddable":true,"href":"https:\/\/radiopoloniawinnipeg.com\/index.php\/wp-json\/wp\/v2\/users\/3"}],"replies":[{"embeddable":true,"href":"https:\/\/radiopoloniawinnipeg.com\/index.php\/wp-json\/wp\/v2\/comments?post=2850"}],"version-history":[{"count":0,"href":"https:\/\/radiopoloniawinnipeg.com\/index.php\/wp-json\/wp\/v2\/posts\/2850\/revisions"}],"wp:featuredmedia":[{"embeddable":true,"href":"https:\/\/radiopoloniawinnipeg.com\/index.php\/wp-json\/wp\/v2\/media\/2851"}],"wp:attachment":[{"href":"https:\/\/radiopoloniawinnipeg.com\/index.php\/wp-json\/wp\/v2\/media?parent=2850"}],"wp:term":[{"taxonomy":"category","embeddable":true,"href":"https:\/\/radiopoloniawinnipeg.com\/index.php\/wp-json\/wp\/v2\/categories?post=2850"},{"taxonomy":"post_tag","embeddable":true,"href":"https:\/\/radiopoloniawinnipeg.com\/index.php\/wp-json\/wp\/v2\/tags?post=2850"}],"curies":[{"name":"wp","href":"https:\/\/api.w.org\/{rel}","templated":true}]}}