{"id":2854,"date":"2025-07-26T18:15:05","date_gmt":"2025-07-26T22:15:05","guid":{"rendered":"https:\/\/radiopoloniawinnipeg.com\/index.php\/2025\/07\/26\/prokuratura-pokazala-wyniki-ogledzin-glosow-skala-bledow-jest-niewielka\/"},"modified":"2025-07-26T18:15:05","modified_gmt":"2025-07-26T22:15:05","slug":"prokuratura-pokazala-wyniki-ogledzin-glosow-skala-bledow-jest-niewielka","status":"publish","type":"post","link":"https:\/\/radiopoloniawinnipeg.com\/index.php\/2025\/07\/26\/prokuratura-pokazala-wyniki-ogledzin-glosow-skala-bledow-jest-niewielka\/","title":{"rendered":"Prokuratura pokaza\u0142a wyniki ogl\u0119dzin g\u0142os\u00f3w &#8211; skala b\u0142\u0119d\u00f3w jest niewielka"},"content":{"rendered":"<p><img decoding=\"async\" loading=\"lazy\" class=\"aligncenter size-custom-full-size wp-image-218825\" src=\"https:\/\/bejsment.com\/wp-content\/uploads\/2025\/07\/aaprokuratura-636x477.jpg\" alt=\"\" width=\"636\" height=\"477\" \/><\/p>\n<p><strong>Prokuratura Krajowa zako\u0144czy\u0142a analiz\u0119 protoko\u0142\u00f3w wyborczych z 250 komisji wyborczych. Jak poinformowa\u0142 rzecznik Przemys\u0142aw Nowak, nieprawid\u0142owo\u015bci stwierdzono w 84 z nich, czyli w oko\u0142o 33 proc. przypadk\u00f3w. W pozosta\u0142ych 166 komisjach (66 proc.) nie wykryto \u017cadnych uchybie\u0144.<\/strong><\/p>\n<p>Do kontroli dosz\u0142o po tym, jak po og\u0142oszeniu oficjalnych wynik\u00f3w wybor\u00f3w prezydenckich przez PKW w mediach zacz\u0119\u0142y pojawia\u0107 si\u0119 doniesienia o nieprawid\u0142owo\u015bciach przy liczeniu g\u0142os\u00f3w. Szczeg\u00f3lnie aktywny w tej sprawie by\u0142 Roman Giertych, kt\u00f3ry podwa\u017ca\u0142 wiarygodno\u015b\u0107 procesu wyborczego. Tymczasem prokurator krajowy Dariusz Korneluk w rozmowie z TVN24 oceni\u0142, \u017ce skala b\u0142\u0119d\u00f3w jest niewielka.<\/p>\n<p>Wed\u0142ug Prokuratury Krajowej, najcz\u0119\u015bciej wyst\u0119puj\u0105cym b\u0142\u0119dem by\u0142o b\u0142\u0119dne przypisanie g\u0142os\u00f3w. W wyniku takich pomy\u0142ek Karol Nawrocki zyska\u0142 1538 g\u0142os\u00f3w wi\u0119cej, ni\u017c powinien, a Rafa\u0142 Trzaskowski \u2013 1541 g\u0142os\u00f3w wi\u0119cej, ni\u017c wynika\u0142o z danych PKW. Jak podkre\u015blono, uchybienia te nie mia\u0142y wp\u0142ywu na ostateczny wynik wybor\u00f3w.<\/p>\n<p>\u2013 W 42 komisjach cz\u0119\u015b\u0107 g\u0142os\u00f3w oddanych na Trzaskowskiego zosta\u0142a b\u0142\u0119dnie przypisana Nawrockiemu, a w 34 komisjach odwrotnie \u2013 g\u0142osy na Nawrockiego przypisano Trzaskowskiemu \u2013 powiedzia\u0142 Nowak.<\/p>\n<p>Dodatkowo w o\u015bmiu komisjach stwierdzono b\u0142\u0119dy dotycz\u0105ce oceny wa\u017cno\u015bci g\u0142os\u00f3w \u2013 niekt\u00f3re niewa\u017cne karty uznano za wa\u017cne i odwrotnie.<\/p>\n<p>Prokuratura zapewnia, \u017ce wszystkie przypadki zosta\u0142y szczeg\u00f3\u0142owo przeanalizowane i nie stanowi\u0105 podstawy do podwa\u017cenia wiarygodno\u015bci procesu wyborczego.<\/p>\n<p><em>Na podst. i.Pl<\/em><\/p>\n","protected":false},"excerpt":{"rendered":"<p>Prokuratura Krajowa zako\u0144czy\u0142a analiz\u0119 protoko\u0142\u00f3w wyborczych z 250 komisji wyborczych. Jak poinformowa\u0142 rzecznik Przemys\u0142aw Nowak, nieprawid\u0142owo\u015bci stwierdzono w 84 z nich, czyli w oko\u0142o 33&hellip;<\/p>\n","protected":false},"author":3,"featured_media":2855,"comment_status":"open","ping_status":"open","sticky":false,"template":"","format":"standard","meta":{"footnotes":""},"categories":[14,18],"tags":[],"class_list":["post-2854","post","type-post","status-publish","format-standard","has-post-thumbnail","hentry","category-polska","category-top-news"],"_links":{"self":[{"href":"https:\/\/radiopoloniawinnipeg.com\/index.php\/wp-json\/wp\/v2\/posts\/2854","targetHints":{"allow":["GET"]}}],"collection":[{"href":"https:\/\/radiopoloniawinnipeg.com\/index.php\/wp-json\/wp\/v2\/posts"}],"about":[{"href":"https:\/\/radiopoloniawinnipeg.com\/index.php\/wp-json\/wp\/v2\/types\/post"}],"author":[{"embeddable":true,"href":"https:\/\/radiopoloniawinnipeg.com\/index.php\/wp-json\/wp\/v2\/users\/3"}],"replies":[{"embeddable":true,"href":"https:\/\/radiopoloniawinnipeg.com\/index.php\/wp-json\/wp\/v2\/comments?post=2854"}],"version-history":[{"count":0,"href":"https:\/\/radiopoloniawinnipeg.com\/index.php\/wp-json\/wp\/v2\/posts\/2854\/revisions"}],"wp:featuredmedia":[{"embeddable":true,"href":"https:\/\/radiopoloniawinnipeg.com\/index.php\/wp-json\/wp\/v2\/media\/2855"}],"wp:attachment":[{"href":"https:\/\/radiopoloniawinnipeg.com\/index.php\/wp-json\/wp\/v2\/media?parent=2854"}],"wp:term":[{"taxonomy":"category","embeddable":true,"href":"https:\/\/radiopoloniawinnipeg.com\/index.php\/wp-json\/wp\/v2\/categories?post=2854"},{"taxonomy":"post_tag","embeddable":true,"href":"https:\/\/radiopoloniawinnipeg.com\/index.php\/wp-json\/wp\/v2\/tags?post=2854"}],"curies":[{"name":"wp","href":"https:\/\/api.w.org\/{rel}","templated":true}]}}