{"id":2858,"date":"2025-07-27T07:30:06","date_gmt":"2025-07-27T11:30:06","guid":{"rendered":"https:\/\/radiopoloniawinnipeg.com\/index.php\/2025\/07\/27\/reakcja-prezydenta-na-slowa-holowni-o-zamachu-stanu\/"},"modified":"2025-07-27T07:30:06","modified_gmt":"2025-07-27T11:30:06","slug":"reakcja-prezydenta-na-slowa-holowni-o-zamachu-stanu","status":"publish","type":"post","link":"https:\/\/radiopoloniawinnipeg.com\/index.php\/2025\/07\/27\/reakcja-prezydenta-na-slowa-holowni-o-zamachu-stanu\/","title":{"rendered":"Reakcja prezydenta na s\u0142owa Ho\u0142owni o \u201ezamachu stanu\u201d"},"content":{"rendered":"<div id=\"attachment_218874\" style=\"width: 646px\" class=\"wp-caption aligncenter\"><img decoding=\"async\" loading=\"lazy\" aria-describedby=\"caption-attachment-218874\" class=\"wp-image-218874 size-custom-full-size\" src=\"https:\/\/bejsment.com\/wp-content\/uploads\/2025\/07\/aadudaholownia-636x398.jpg\" alt=\"\" width=\"636\" height=\"398\" \/><\/p>\n<p id=\"caption-attachment-218874\" class=\"wp-caption-text\">Andrzej Duda i Szymon Ho\u0142ownia porozumieli si\u0119 w sprawie osobistego spotkania.<\/p>\n<\/div>\n<p><strong>Tu\u017c po tym, jak Szymon Ho\u0142ownia w Polsat News<a href=\"https:\/\/bejsment.com\/index.php\/2025\/07\/26\/holownia-wielokrotnie-sugerowano-mi-przeprowadzenie-zamachu-stanu\/\" target=\"_blank\" rel=\"noopener\"> opowiedzia\u0142 o wysuwanych sugestiach dotycz\u0105cych \u201ezamachu stanu\u201d<\/a> i odsuni\u0119cia zaprzysi\u0119\u017cenia Karola Nawrockiego, prezydent Andrzej Duda poleci\u0142 swojej szefowej kancelarii, Ma\u0142gorzacie Paprockiej, natychmiastowy kontakt z marsza\u0142kiem Sejmu. Paprocka ujawni\u0142a szczeg\u00f3\u0142y sprawy w niedzielnym programie \u201e\u015aniadanie Rymanowskiego\u201d i potwierdzi\u0142a, \u017ce prezydent i Ho\u0142ownia um\u00f3wili si\u0119 na spotkanie na pocz\u0105tek sierpnia.<\/strong><\/p>\n<p>Paprocka zaznaczy\u0142a, \u017ce Duda uzna\u0142 za kluczowe om\u00f3wienie s\u0142\u00f3w marsza\u0142ka sejmu.<\/p>\n<p>\u2013 Prezydent zobowi\u0105za\u0142 mnie do rozmowy z marsza\u0142kiem, bo gwarancja ci\u0105g\u0142o\u015bci w\u0142adzy jest kwesti\u0105 fundamentaln\u0105 \u2013 powiedzia\u0142a. Doda\u0142a, \u017ce kontakt podj\u0119to natychmiast po emisji pi\u0105tkowego programu, oko\u0142o godziny 21.<\/p>\n<p>Szefowa kancelarii wskaza\u0142a, \u017ce Ho\u0142ownia by\u0142 konsekwentny w zapewnieniach, i\u017c Zgromadzenie Narodowe odb\u0119dzie si\u0119 6 sierpnia, a Karol Nawrocki z\u0142o\u017cy w\u00f3wczas prezydenckie \u015blubowanie.<\/p>\n<p>\u2013 Ta dyskusja trwa od wielu tygodni \u2013 stwierdzi\u0142a Paprocka, nawi\u0105zuj\u0105c do o\u015bwiadczenia Ho\u0142owni, w kt\u00f3rym wyja\u015bnia\u0142, \u017ce okre\u015blenie \u201ezamach stanu\u201d by\u0142o polityczn\u0105 diagnoz\u0105, a nie prawn\u0105 definicj\u0105 sytuacji.<\/p>\n<p>Podczas programu Paprocka ujawni\u0142a tak\u017ce, \u017ce Duda i Ho\u0142ownia porozumieli si\u0119 w sprawie osobistego spotkania \u2013 ustalono je na pocz\u0105tek sierpnia, tu\u017c przed zako\u0144czeniem kadencji obecnego prezydenta. \u2013 Jest wiele kwestii do om\u00f3wienia, a p\u0142ynne przekazanie w\u0142adzy b\u0119dzie absolutnym priorytetem \u2013 podkre\u015bli\u0142a.<\/p>\n<p>Zapytana, czy s\u0142owa Ho\u0142owni powinny skutkowa\u0107 wszcz\u0119ciem \u015bledztwa, Paprocka odpar\u0142a, \u017ce \u201ena ten moment\u201d nie spodziewa si\u0119 \u017cadnych dzia\u0142a\u0144 prokuratury. \u2013 Wszyscy wyborcy maj\u0105 prawo zna\u0107 prawd\u0119 \u2013 doda\u0142a, zaznaczaj\u0105c, \u017ce priorytety nowego ministra sprawiedliwo\u015bci i prokuratora generalnego, Waldemara \u017burka, mog\u0105 by\u0107 inne.<\/p>\n<p style=\"text-align: right\"><em>Na podst. Polsat News<\/em><\/p>\n","protected":false},"excerpt":{"rendered":"<p>Andrzej Duda i Szymon Ho\u0142ownia porozumieli si\u0119 w sprawie osobistego spotkania. Tu\u017c po tym, jak Szymon Ho\u0142ownia w Polsat News opowiedzia\u0142 o wysuwanych sugestiach dotycz\u0105cych&hellip;<\/p>\n","protected":false},"author":3,"featured_media":2859,"comment_status":"open","ping_status":"open","sticky":false,"template":"","format":"standard","meta":{"footnotes":""},"categories":[14,18],"tags":[],"class_list":["post-2858","post","type-post","status-publish","format-standard","has-post-thumbnail","hentry","category-polska","category-top-news"],"_links":{"self":[{"href":"https:\/\/radiopoloniawinnipeg.com\/index.php\/wp-json\/wp\/v2\/posts\/2858","targetHints":{"allow":["GET"]}}],"collection":[{"href":"https:\/\/radiopoloniawinnipeg.com\/index.php\/wp-json\/wp\/v2\/posts"}],"about":[{"href":"https:\/\/radiopoloniawinnipeg.com\/index.php\/wp-json\/wp\/v2\/types\/post"}],"author":[{"embeddable":true,"href":"https:\/\/radiopoloniawinnipeg.com\/index.php\/wp-json\/wp\/v2\/users\/3"}],"replies":[{"embeddable":true,"href":"https:\/\/radiopoloniawinnipeg.com\/index.php\/wp-json\/wp\/v2\/comments?post=2858"}],"version-history":[{"count":0,"href":"https:\/\/radiopoloniawinnipeg.com\/index.php\/wp-json\/wp\/v2\/posts\/2858\/revisions"}],"wp:featuredmedia":[{"embeddable":true,"href":"https:\/\/radiopoloniawinnipeg.com\/index.php\/wp-json\/wp\/v2\/media\/2859"}],"wp:attachment":[{"href":"https:\/\/radiopoloniawinnipeg.com\/index.php\/wp-json\/wp\/v2\/media?parent=2858"}],"wp:term":[{"taxonomy":"category","embeddable":true,"href":"https:\/\/radiopoloniawinnipeg.com\/index.php\/wp-json\/wp\/v2\/categories?post=2858"},{"taxonomy":"post_tag","embeddable":true,"href":"https:\/\/radiopoloniawinnipeg.com\/index.php\/wp-json\/wp\/v2\/tags?post=2858"}],"curies":[{"name":"wp","href":"https:\/\/api.w.org\/{rel}","templated":true}]}}