{"id":2864,"date":"2025-07-27T12:30:08","date_gmt":"2025-07-27T16:30:08","guid":{"rendered":"https:\/\/radiopoloniawinnipeg.com\/index.php\/2025\/07\/27\/pierwsze-takie-spotkanie-papiez-przyjal-czlowieka-nr-2-rosyjskiej-cerkwi\/"},"modified":"2025-07-27T12:30:08","modified_gmt":"2025-07-27T16:30:08","slug":"pierwsze-takie-spotkanie-papiez-przyjal-czlowieka-nr-2-rosyjskiej-cerkwi","status":"publish","type":"post","link":"https:\/\/radiopoloniawinnipeg.com\/index.php\/2025\/07\/27\/pierwsze-takie-spotkanie-papiez-przyjal-czlowieka-nr-2-rosyjskiej-cerkwi\/","title":{"rendered":"Pierwsze takie spotkanie. Papie\u017c przyj\u0105\u0142 \u201ecz\u0142owieka nr 2&#8243; rosyjskiej cerkwi"},"content":{"rendered":"<p><img decoding=\"async\" loading=\"lazy\" class=\"aligncenter size-custom-full-size wp-image-218890\" src=\"https:\/\/bejsment.com\/wp-content\/uploads\/2025\/07\/aaspotkaniepapieza-636x358.jpg\" alt=\"\" width=\"636\" height=\"358\" \/><\/p>\n<p><strong>W sobotni poranek papie\u017c Leon XIV przyj\u0105\u0142 w Watykanie metropolit\u0119 wo\u0142oko\u0142amskiego Antoniego \u2013 jedn\u0105 z najwa\u017cniejszych postaci w Rosyjskiej Cerkwi Prawos\u0142awnej. By\u0142o to pierwsze spotkanie g\u0142owy Ko\u015bcio\u0142a katolickiego z tak wysokim rang\u0105 przedstawicielem Patriarchatu Moskiewskiego od pocz\u0105tku pontyfikatu Leona XIV. Watykan nie przekaza\u0142 \u017cadnych szczeg\u00f3\u0142\u00f3w rozmowy.<\/strong><\/p>\n<p>Metropolita Antoni, kt\u00f3ry kieruje Referatem ds. Zewn\u0119trznych Stosunk\u00f3w Ko\u015bcielnych Patriarchatu Moskiewskiego, w przesz\u0142o\u015bci kilkakrotnie odwiedza\u0142 Watykan i spotyka\u0142 si\u0119 z papie\u017cem Franciszkiem. Ostatnia taka audiencja mia\u0142a miejsce dok\u0142adnie rok temu. W wywiadzie dla w\u0142oskiej \u201eLa Repubblica\u201d hierarcha chwali\u0142 Franciszka za jego \u201ewywa\u017con\u0105 postaw\u0119\u201d wobec wojny w Ukrainie, cho\u0107 jednocze\u015bnie krytykowa\u0142 grekokatolik\u00f3w za, jak to uj\u0105\u0142, \u201erusofobiczne wypowiedzi\u201d, kt\u00f3re \u2013 jego zdaniem \u2013 nie spotka\u0142y si\u0119 z pot\u0119pieniem ze strony Watykanu.<\/p>\n<p>Metropolita podkre\u015bli\u0142 r\u00f3wnie\u017c, \u017ce obecnie nie trwaj\u0105 \u017cadne przygotowania do spotkania patriarchy Cyryla z papie\u017cem Leonem XIV.<\/p>\n<p>W\u0142oska agencja ANSA informowa\u0142a wcze\u015bniej, \u017ce Leon XIV pragnie wznowi\u0107 dialog z Rosyjsk\u0105 Cerkwi\u0105 Prawos\u0142awn\u0105, widz\u0105c w tym potencjaln\u0105 drog\u0119 do \u0142agodzenia napi\u0119\u0107 wywo\u0142anych inwazj\u0105 Rosji na Ukrain\u0119. Zgodnie z komunikatem Watykanu, Ojciec \u015awi\u0119ty rozmawia\u0142 telefonicznie z W\u0142adimirem Putinem na pocz\u0105tku czerwca, apeluj\u0105c o podj\u0119cie krok\u00f3w na rzecz pokoju i wskazuj\u0105c na konieczno\u015b\u0107 dialogu mi\u0119dzy stronami konfliktu.<\/p>\n<p>Po spotkaniu z Wo\u0142odymyrem Ze\u0142enskim papie\u017c zadeklarowa\u0142 gotowo\u015b\u0107 do zorganizowania rozm\u00f3w pokojowych mi\u0119dzy Moskw\u0105 a Kijowem w Watykanie. Strona rosyjska odrzuci\u0142a jednak tak\u0105 mo\u017cliwo\u015b\u0107, co potwierdzi\u0142o Ministerstwo Spraw Zagranicznych Federacji Rosyjskiej.<\/p>\n<p><em>Na podst. KAI<\/em><\/p>\n","protected":false},"excerpt":{"rendered":"<p>W sobotni poranek papie\u017c Leon XIV przyj\u0105\u0142 w Watykanie metropolit\u0119 wo\u0142oko\u0142amskiego Antoniego \u2013 jedn\u0105 z najwa\u017cniejszych postaci w Rosyjskiej Cerkwi Prawos\u0142awnej. By\u0142o to pierwsze spotkanie&hellip;<\/p>\n","protected":false},"author":3,"featured_media":2865,"comment_status":"open","ping_status":"open","sticky":false,"template":"","format":"standard","meta":{"footnotes":""},"categories":[15,18],"tags":[],"class_list":["post-2864","post","type-post","status-publish","format-standard","has-post-thumbnail","hentry","category-swiat","category-top-news"],"_links":{"self":[{"href":"https:\/\/radiopoloniawinnipeg.com\/index.php\/wp-json\/wp\/v2\/posts\/2864","targetHints":{"allow":["GET"]}}],"collection":[{"href":"https:\/\/radiopoloniawinnipeg.com\/index.php\/wp-json\/wp\/v2\/posts"}],"about":[{"href":"https:\/\/radiopoloniawinnipeg.com\/index.php\/wp-json\/wp\/v2\/types\/post"}],"author":[{"embeddable":true,"href":"https:\/\/radiopoloniawinnipeg.com\/index.php\/wp-json\/wp\/v2\/users\/3"}],"replies":[{"embeddable":true,"href":"https:\/\/radiopoloniawinnipeg.com\/index.php\/wp-json\/wp\/v2\/comments?post=2864"}],"version-history":[{"count":0,"href":"https:\/\/radiopoloniawinnipeg.com\/index.php\/wp-json\/wp\/v2\/posts\/2864\/revisions"}],"wp:featuredmedia":[{"embeddable":true,"href":"https:\/\/radiopoloniawinnipeg.com\/index.php\/wp-json\/wp\/v2\/media\/2865"}],"wp:attachment":[{"href":"https:\/\/radiopoloniawinnipeg.com\/index.php\/wp-json\/wp\/v2\/media?parent=2864"}],"wp:term":[{"taxonomy":"category","embeddable":true,"href":"https:\/\/radiopoloniawinnipeg.com\/index.php\/wp-json\/wp\/v2\/categories?post=2864"},{"taxonomy":"post_tag","embeddable":true,"href":"https:\/\/radiopoloniawinnipeg.com\/index.php\/wp-json\/wp\/v2\/tags?post=2864"}],"curies":[{"name":"wp","href":"https:\/\/api.w.org\/{rel}","templated":true}]}}