{"id":2868,"date":"2025-07-27T14:30:06","date_gmt":"2025-07-27T18:30:06","guid":{"rendered":"https:\/\/radiopoloniawinnipeg.com\/index.php\/2025\/07\/27\/zbrodnia-pod-grojcem-archidiecezja-zada-najwyzszego-wymiaru-kary\/"},"modified":"2025-07-27T14:30:06","modified_gmt":"2025-07-27T18:30:06","slug":"zbrodnia-pod-grojcem-archidiecezja-zada-najwyzszego-wymiaru-kary","status":"publish","type":"post","link":"https:\/\/radiopoloniawinnipeg.com\/index.php\/2025\/07\/27\/zbrodnia-pod-grojcem-archidiecezja-zada-najwyzszego-wymiaru-kary\/","title":{"rendered":"Zbrodnia pod Gr\u00f3jcem. Archidiecezja \u017c\u0105da najwy\u017cszego wymiaru kary"},"content":{"rendered":"<div id=\"attachment_218895\" style=\"width: 646px\" class=\"wp-caption aligncenter\"><img decoding=\"async\" loading=\"lazy\" aria-describedby=\"caption-attachment-218895\" class=\"size-custom-full-size wp-image-218895\" src=\"https:\/\/bejsment.com\/wp-content\/uploads\/2025\/07\/aaprzypki-636x424.jpg\" alt=\"\" width=\"636\" height=\"424\" \/><\/p>\n<p id=\"caption-attachment-218895\" class=\"wp-caption-text\">Ko\u015bci\u00f3\u0142 parafialny w Przypkach.<\/p>\n<\/div>\n<p><strong>Proboszcz parafii w Przypkach w brutalny spos\u00f3b zamordowa\u0142 znajomego. Duchowny najpierw uderzy\u0142 Antoniego G. w g\u0142ow\u0119 siekier\u0105, a p\u00f3\u017aniej go podpali\u0142 i odjecha\u0142. Prokuratura postawi\u0142a mu zarzut zab\u00f3jstwa ze szczeg\u00f3lnym okrucie\u0144stwem. Teraz Archidiecezja Warszawska zwraca si\u0119 do Watykanu, \u017c\u0105daj\u0105c najwy\u017cszego wymiaru kary.<\/strong><\/p>\n<p>W sobot\u0119, 26 lipca, prokuratura zdecydowa\u0142a si\u0119 na zmian\u0119 zarzutu proboszczowi z gminy Tarczyn, Miros\u0142awowi M. z zab\u00f3jstwa, na zab\u00f3jstwo ze szczeg\u00f3lnym okrucie\u0144stwem.<\/p>\n<p>Duchowny przyzna\u0142 si\u0119 do zab\u00f3jstwa znajomego, powiedzia\u0142 te\u017c, co by\u0142o motywem zbrodni.<\/p>\n<p>M\u0119\u017cczy\u017ani si\u0119 znali,\u00a0nim dosz\u0142o do zbrodni mieli si\u0119 pok\u0142\u00f3ci\u0107 w samochodzie.<\/p>\n<p>W trakcie jazdy samochodem mi\u0119dzy ksi\u0119dzem a jego znajomym dosz\u0142o do sprzeczki. K\u0142\u00f3tnia eskalowa\u0142a, wtedy proboszcz\u00a0mia\u0142 wyj\u0105\u0107 siekier\u0119 i uderzy\u0107 m\u0119\u017cczyzn\u0119 w g\u0142ow\u0119. Nast\u0119pnie, gdy ten jeszcze \u017cy\u0142, duchowny go podpali\u0142\u00a0i chwil\u0119 p\u00f3\u017aniej odjecha\u0142 z miejsca zdarzenia.<\/p>\n<p>Pal\u0105cego si\u0119 m\u0119\u017cczyzn\u0119 zauwa\u017cy\u0142 rowerzysta, kt\u00f3ry wezwa\u0142 s\u0142u\u017cby ratunkowe. \u015aledczy zatrzymali 60-letniego proboszcza z parafii pw. Naj\u015bwi\u0119tszego Serca Pana Jezusa w Przypkach w gminie Tarczyn.<\/p>\n<p>&#8220;Jestem przybity i zdruzgotany wiadomo\u015bci\u0105, \u017ce jeden z moich ksi\u0119\u017cy brutalnie zamordowa\u0142 cz\u0142owieka \u2013 ubogiego i bezdomnego. Nie mam odpowiedzi na \u017cadne pytanie zaczynaj\u0105ce si\u0119 od s\u0142owa: \u201edlaczego?\u201d&#8221; &#8211; zwr\u00f3ci\u0142 si\u0119 do wiernych i ksi\u0119\u017cy arcybiskup metropolita warszawski Adrian Galbas.<\/p>\n<p>Abp Galbas zapowiedzia\u0142 r\u00f3wnie\u017c, \u017ce Archidiecezja Warszawska b\u0119dzie w pe\u0142ni wsp\u00f3\u0142pracowa\u0142a z organami \u015bcigania.<\/p>\n<p>Dzie\u0144 po o\u015bwiadczeniu arcybiskupa ks. Adriana Galbasa, rzecznik archidiecezji wyda\u0142 o\u015bwiadczenie.<\/p>\n<p>\u201eZe wzgl\u0119du na powag\u0119 przest\u0119pstwa i wielkie zgorszenie spo\u0142eczne Metropolita Warszawski abp Adrian Galbas niezw\u0142ocznie zwraca si\u0119 do Stolicy Apostolskiej z wnioskiem o wymierzenie najwy\u017cszej kary przewidzianej w prawie kanonicznym dla duchownego \u2013 wydalenia ze stanu kap\u0142a\u0144skiego&#8221;- czytamy w o\u015bwiadczeniu ks. Przemys\u0142awa \u015aliwi\u0144skiego, rzecznika Archidiecezji Warszawskiej<\/p>\n<p>Najwy\u017cszy wymiar kary w prawie kanonicznym oznacza najwy\u017csz\u0105 mo\u017cliw\u0105 sankcj\u0119 dotycz\u0105c\u0105 statusu duchownego. Jak zaznaczy\u0142 rzecznik archidiecezji, \u017ce\u00a0\u201enie oznacza to jednak, \u017ce Ko\u015bci\u00f3\u0142 ogranicza si\u0119 tylko do tej sankcji ani \u017ce sprawca nie poniesie innej odpowiedzialno\u015bci&#8221;.<\/p>\n<p>&#8211; Prawo \u015bwieckie i prawo kanoniczne dzia\u0142aj\u0105 r\u00f3wnolegle: w przypadku przest\u0119pstwa zab\u00f3jstwa proces karny prowadzi pa\u0144stwo, a kar\u0119 orzeka s\u0105d. Ko\u015bci\u00f3\u0142 deklaruje pe\u0142n\u0105 wsp\u00f3\u0142prac\u0119 z organami \u015bledczymi i pa\u0144stwowym wymiarem sprawiedliwo\u015bci w celu wyja\u015bnienia wszystkich okoliczno\u015bci tej zbrodni oraz w oczekiwaniu na sprawiedliw\u0105 i adekwatn\u0105 kar\u0119 orzeczon\u0105 przez s\u0105d pa\u0144stwowy &#8211; zaznacza rzecznik.<\/p>\n<p>Od pi\u0105tkowego poranka w parafii w Przypkach zapewnione jest zast\u0119pstwo za proboszcza. Obecnie za funkcjonowanie parafii odpowiada dziekan w porozumieniu z kuri\u0105 \u2013 jest to zwyczajowe rozwi\u0105zanie w sytuacji, gdy w parafii brakuje proboszcza. Wkr\u00f3tce zostanie powo\u0142any administrator parafii w Przypkach.<\/p>\n<p>W niedziel\u0119, 27 lipca, we wszystkich ko\u015bcio\u0142ach Archidiecezji Warszawskiej podczas mszy \u015bwi\u0119tych zostanie odczytany specjalny komunikat metropolity warszawskiego abp. Adriana Galbasa. Ponadto po ka\u017cdej mszy zostanie odprawione nabo\u017ce\u0144stwo ekspiacyjne.<\/p>\n<p style=\"text-align: right\"><em>Na podst. KAI i i.Pl<\/em><\/p>\n","protected":false},"excerpt":{"rendered":"<p>Ko\u015bci\u00f3\u0142 parafialny w Przypkach. Proboszcz parafii w Przypkach w brutalny spos\u00f3b zamordowa\u0142 znajomego. Duchowny najpierw uderzy\u0142 Antoniego G. w g\u0142ow\u0119 siekier\u0105, a p\u00f3\u017aniej go podpali\u0142&hellip;<\/p>\n","protected":false},"author":3,"featured_media":2869,"comment_status":"open","ping_status":"open","sticky":false,"template":"","format":"standard","meta":{"footnotes":""},"categories":[14,18],"tags":[],"class_list":["post-2868","post","type-post","status-publish","format-standard","has-post-thumbnail","hentry","category-polska","category-top-news"],"_links":{"self":[{"href":"https:\/\/radiopoloniawinnipeg.com\/index.php\/wp-json\/wp\/v2\/posts\/2868","targetHints":{"allow":["GET"]}}],"collection":[{"href":"https:\/\/radiopoloniawinnipeg.com\/index.php\/wp-json\/wp\/v2\/posts"}],"about":[{"href":"https:\/\/radiopoloniawinnipeg.com\/index.php\/wp-json\/wp\/v2\/types\/post"}],"author":[{"embeddable":true,"href":"https:\/\/radiopoloniawinnipeg.com\/index.php\/wp-json\/wp\/v2\/users\/3"}],"replies":[{"embeddable":true,"href":"https:\/\/radiopoloniawinnipeg.com\/index.php\/wp-json\/wp\/v2\/comments?post=2868"}],"version-history":[{"count":0,"href":"https:\/\/radiopoloniawinnipeg.com\/index.php\/wp-json\/wp\/v2\/posts\/2868\/revisions"}],"wp:featuredmedia":[{"embeddable":true,"href":"https:\/\/radiopoloniawinnipeg.com\/index.php\/wp-json\/wp\/v2\/media\/2869"}],"wp:attachment":[{"href":"https:\/\/radiopoloniawinnipeg.com\/index.php\/wp-json\/wp\/v2\/media?parent=2868"}],"wp:term":[{"taxonomy":"category","embeddable":true,"href":"https:\/\/radiopoloniawinnipeg.com\/index.php\/wp-json\/wp\/v2\/categories?post=2868"},{"taxonomy":"post_tag","embeddable":true,"href":"https:\/\/radiopoloniawinnipeg.com\/index.php\/wp-json\/wp\/v2\/tags?post=2868"}],"curies":[{"name":"wp","href":"https:\/\/api.w.org\/{rel}","templated":true}]}}