{"id":2878,"date":"2025-07-28T07:30:07","date_gmt":"2025-07-28T11:30:07","guid":{"rendered":"https:\/\/radiopoloniawinnipeg.com\/index.php\/2025\/07\/28\/burze-i-ulewy-nad-polska-zebral-sie-sztab-kryzysowy\/"},"modified":"2025-07-28T07:30:07","modified_gmt":"2025-07-28T11:30:07","slug":"burze-i-ulewy-nad-polska-zebral-sie-sztab-kryzysowy","status":"publish","type":"post","link":"https:\/\/radiopoloniawinnipeg.com\/index.php\/2025\/07\/28\/burze-i-ulewy-nad-polska-zebral-sie-sztab-kryzysowy\/","title":{"rendered":"Burze i ulewy nad Polsk\u0105. Zebra\u0142 si\u0119 sztab kryzysowy"},"content":{"rendered":"<p><img decoding=\"async\" loading=\"lazy\" class=\"aligncenter size-custom-full-size wp-image-218940\" src=\"https:\/\/bejsment.com\/wp-content\/uploads\/2025\/07\/aasztabkryzysowy-636x358.jpg\" alt=\"\" width=\"636\" height=\"358\" \/><\/p>\n<p><strong>W poniedzia\u0142ek rano zebra\u0142 si\u0119 Rz\u0105dowy Zesp\u00f3\u0142 Zarz\u0105dzania Kryzysowego, by om\u00f3wi\u0107 sytuacj\u0119 pogodow\u0105 w kraju. Spotkaniu w siedzibie MSWiA przewodniczy\u0142 nowy szef resortu Marcin Kierwi\u0144ski. Jak zapewni\u0142, wszystkie s\u0142u\u017cby s\u0105 w gotowo\u015bci, a w razie potrzeby podejmowane b\u0119d\u0105 kolejne decyzje o przesuni\u0119ciach \u015brodk\u00f3w. \u2013 Odbierzemy meldunki od wojewod\u00f3w i s\u0142u\u017cb, by na bie\u017c\u0105co reagowa\u0107 \u2013 podkre\u015bli\u0142.<\/strong><\/p>\n<p>Wiceminister infrastruktury Piotr Malepszak uspokaja\u0142, \u017ce sytuacja na drogach i liniach kolejowych jest stabilna, cho\u0107 lokalne opady spowodowa\u0142y drobne utrudnienia. \u2013 Wszystkie drogi i linie s\u0105 przejezdne. Kr\u00f3tkotrwa\u0142e problemy dotyczy\u0142y przej\u015b\u0107 dla pieszych na peronach \u2013 doda\u0142. Pojawi\u0142y si\u0119 te\u017c nieprawdziwe informacje o uszkodzeniu wa\u0142u przeciwpowodziowego \u2013 w rzeczywisto\u015bci chodzi\u0142o jedynie o rozmycie brzegu rzeki Widne.<\/p>\n<p>Najwi\u0119ksze opady odnotowano w wojew\u00f3dztwach \u015bl\u0105skim, ma\u0142opolskim, opolskim, \u0142\u00f3dzkim i \u015bwi\u0119tokrzyskim. Dyrektor CMOK Grzegorz Duniek potwierdzi\u0142, \u017ce prognozy s\u0105 dynamiczne, a sytuacja \u2013 zmienna. Wiceminister Wies\u0142aw Le\u015bniakiewicz ostrzega\u0142 wcze\u015bniej, \u017ce burzowy front mo\u017ce utrzyma\u0107 si\u0119 nawet 72 godziny. \u2013 Nie gro\u017c\u0105 nam wielkie powodzie, ale lokalne podtopienia s\u0105 mo\u017cliwe \u2013 zaznaczy\u0142.<\/p>\n<p><img decoding=\"async\" loading=\"lazy\" class=\"aligncenter size-custom-full-size wp-image-218938\" src=\"https:\/\/bejsment.com\/wp-content\/uploads\/2025\/07\/aaburzeiulewy2-636x244.jpg\" alt=\"\" width=\"636\" height=\"244\" \/><\/p>\n<p>Instytut Meteorologii i Gospodarki Wodnej wyda\u0142 ostrze\u017cenia drugiego stopnia przed burzami oraz od pierwszego do trzeciego stopnia przed intensywnym deszczem z burzami. W poniedzia\u0142ek rano stany alarmowe zosta\u0142y przekroczone m.in. na rzekach I\u0142ownica (485 cm), Bia\u0142a (294 cm), Wapienica (486 cm) i Brynica (111 cm).<\/p>\n<p>W zwi\u0105zku z rosn\u0105cym poziomem w\u00f3d burmistrz Czechowic-Dziedzic Marian B\u0142achut og\u0142osi\u0142 pogotowie przeciwpowodziowe na terenie ca\u0142ej gminy. \u2013 Apelujemy o wzmo\u017con\u0105 czujno\u015b\u0107 i \u015bledzenie komunikat\u00f3w \u2013 czytamy w oficjalnym komunikacie. Wzrost poziomu w\u00f3d w tym rejonie rozpocz\u0105\u0142 si\u0119 w niedzielny wiecz\u00f3r.<\/p>\n<p>Wody Polskie informuj\u0105, \u017ce intensywne opady powoduj\u0105 lokalne podtopienia na obszarze Regionalnych Zarz\u0105d\u00f3w Gospodarki Wodnej w Krakowie i Gliwicach. Utrudnienia mog\u0105 wynika\u0107 m.in. z niedro\u017cno\u015bci miejskich system\u00f3w odprowadzania w\u00f3d opadowych.<\/p>\n<p>Cho\u0107 sytuacja pozostaje pod kontrol\u0105, s\u0142u\u017cby w ca\u0142ym kraju pozostaj\u0105 w stanie podwy\u017cszonej gotowo\u015bci, monitoruj\u0105c rozw\u00f3j wydarze\u0144 z godziny na godzin\u0119.<\/p>\n<p style=\"text-align: right\"><em>Na podst. Polsat News<\/em><\/p>\n","protected":false},"excerpt":{"rendered":"<p>W poniedzia\u0142ek rano zebra\u0142 si\u0119 Rz\u0105dowy Zesp\u00f3\u0142 Zarz\u0105dzania Kryzysowego, by om\u00f3wi\u0107 sytuacj\u0119 pogodow\u0105 w kraju. Spotkaniu w siedzibie MSWiA przewodniczy\u0142 nowy szef resortu Marcin Kierwi\u0144ski.&hellip;<\/p>\n","protected":false},"author":3,"featured_media":2879,"comment_status":"open","ping_status":"open","sticky":false,"template":"","format":"standard","meta":{"footnotes":""},"categories":[14,18],"tags":[],"class_list":["post-2878","post","type-post","status-publish","format-standard","has-post-thumbnail","hentry","category-polska","category-top-news"],"_links":{"self":[{"href":"https:\/\/radiopoloniawinnipeg.com\/index.php\/wp-json\/wp\/v2\/posts\/2878","targetHints":{"allow":["GET"]}}],"collection":[{"href":"https:\/\/radiopoloniawinnipeg.com\/index.php\/wp-json\/wp\/v2\/posts"}],"about":[{"href":"https:\/\/radiopoloniawinnipeg.com\/index.php\/wp-json\/wp\/v2\/types\/post"}],"author":[{"embeddable":true,"href":"https:\/\/radiopoloniawinnipeg.com\/index.php\/wp-json\/wp\/v2\/users\/3"}],"replies":[{"embeddable":true,"href":"https:\/\/radiopoloniawinnipeg.com\/index.php\/wp-json\/wp\/v2\/comments?post=2878"}],"version-history":[{"count":0,"href":"https:\/\/radiopoloniawinnipeg.com\/index.php\/wp-json\/wp\/v2\/posts\/2878\/revisions"}],"wp:featuredmedia":[{"embeddable":true,"href":"https:\/\/radiopoloniawinnipeg.com\/index.php\/wp-json\/wp\/v2\/media\/2879"}],"wp:attachment":[{"href":"https:\/\/radiopoloniawinnipeg.com\/index.php\/wp-json\/wp\/v2\/media?parent=2878"}],"wp:term":[{"taxonomy":"category","embeddable":true,"href":"https:\/\/radiopoloniawinnipeg.com\/index.php\/wp-json\/wp\/v2\/categories?post=2878"},{"taxonomy":"post_tag","embeddable":true,"href":"https:\/\/radiopoloniawinnipeg.com\/index.php\/wp-json\/wp\/v2\/tags?post=2878"}],"curies":[{"name":"wp","href":"https:\/\/api.w.org\/{rel}","templated":true}]}}