{"id":2884,"date":"2025-07-28T12:15:07","date_gmt":"2025-07-28T16:15:07","guid":{"rendered":"https:\/\/radiopoloniawinnipeg.com\/index.php\/2025\/07\/28\/wynegocjowano-umowe-handlowa-usa-ue\/"},"modified":"2025-07-28T12:15:07","modified_gmt":"2025-07-28T16:15:07","slug":"wynegocjowano-umowe-handlowa-usa-ue","status":"publish","type":"post","link":"https:\/\/radiopoloniawinnipeg.com\/index.php\/2025\/07\/28\/wynegocjowano-umowe-handlowa-usa-ue\/","title":{"rendered":"Wynegocjowano umow\u0119 handlow\u0105 USA-UE"},"content":{"rendered":"<p><img decoding=\"async\" loading=\"lazy\" class=\"aligncenter size-custom-full-size wp-image-218964\" src=\"https:\/\/bejsment.com\/wp-content\/uploads\/2025\/07\/aaumowa2-636x477.jpg\" alt=\"\" width=\"636\" height=\"477\" \/><\/p>\n<p><strong>Prezydent Donald Trump og\u0142osi\u0142, \u017ce Stany Zjednoczone i Unia Europejska osi\u0105gn\u0119\u0142y porozumienie handlowe, kt\u00f3re obejmuje m.in. now\u0105 stawk\u0119 celn\u0105 na poziomie 15 proc. oraz rekordowy kontrakt na zakup ameryka\u0144skiego sprz\u0119tu wojskowego przez pa\u0144stwa UE. Umowa zosta\u0142a zawarta po niedzielnym spotkaniu prezydenta USA z przewodnicz\u0105c\u0105 Komisji Europejskiej Ursul\u0105 von der Leyen w Szkocji.<\/strong><\/p>\n<p>Trump okre\u015bli\u0142 zawarte porozumienie jako \u201enajwi\u0119kszy kontrakt wojskowy w historii USA zawarty z Uni\u0105 Europejsk\u0105\u201d. Doda\u0142, \u017ce inwestycje ze strony Europy maj\u0105 przynie\u015b\u0107 ameryka\u0144skiej gospodarce nawet 600 miliard\u00f3w dolar\u00f3w, a umowa przyniesie korzy\u015bci zar\u00f3wno dla sektora motoryzacyjnego, jak i rolniczego.<\/p>\n<p>Nowe c\u0142a w wysoko\u015bci 15 proc. maj\u0105 obj\u0105\u0107 wi\u0119kszo\u015b\u0107 towar\u00f3w eksportowanych z UE do USA, w tym samochody. Jak sprecyzowa\u0142a von der Leyen, taryfy b\u0119d\u0105 dotyczy\u0107 wszystkich produkt\u00f3w, jednak Trump zaznaczy\u0142, \u017ce z op\u0142at wy\u0142\u0105czone zostan\u0105 leki i metale. C\u0142a na stal i aluminium pozostan\u0105 na dotychczasowym poziomie 50 proc., co \u2013 jak przypomnia\u0142 prezydent \u2013 jest standardem w ameryka\u0144skich umowach handlowych.<\/p>\n<p>Zawarcie porozumienia nast\u0105pi\u0142o na kilka dni przed planowanym wprowadzeniem drastycznych podwy\u017cek ce\u0142. Jeszcze w maju Trump grozi\u0142 obj\u0119ciem niemal wszystkich produkt\u00f3w z UE 50-procentow\u0105 taryf\u0105, co znacznie przyspieszy\u0142o negocjacje. W trakcie rozm\u00f3w sugerowa\u0142 mo\u017cliwo\u015b\u0107 wprowadzenia nieco ni\u017cszej stawki \u2013 30 proc.<\/p>\n<p>Zar\u00f3wno Trump, jak i von der Leyen przyznali, \u017ce jeszcze przed spotkaniem oceniali szanse na zawarcie porozumienia jako \u201e50 na 50\u201d.<\/p>\n<p>W mijaj\u0105cym tygodniu Bia\u0142y Dom poinformowa\u0142 r\u00f3wnie\u017c o zawarciu porozumienia handlowego z Japoni\u0105, kt\u00f3re prezydent USA okre\u015bli\u0142 jako \u201enajwi\u0119ksze w historii\u201d tego typu porozumienie z Tokio.<\/p>\n<p style=\"text-align: right\"><em>Na podst. AP, Reuters<\/em><\/p>\n","protected":false},"excerpt":{"rendered":"<p>Prezydent Donald Trump og\u0142osi\u0142, \u017ce Stany Zjednoczone i Unia Europejska osi\u0105gn\u0119\u0142y porozumienie handlowe, kt\u00f3re obejmuje m.in. now\u0105 stawk\u0119 celn\u0105 na poziomie 15 proc. oraz rekordowy&hellip;<\/p>\n","protected":false},"author":3,"featured_media":2885,"comment_status":"open","ping_status":"open","sticky":false,"template":"","format":"standard","meta":{"footnotes":""},"categories":[15,18],"tags":[],"class_list":["post-2884","post","type-post","status-publish","format-standard","has-post-thumbnail","hentry","category-swiat","category-top-news"],"_links":{"self":[{"href":"https:\/\/radiopoloniawinnipeg.com\/index.php\/wp-json\/wp\/v2\/posts\/2884","targetHints":{"allow":["GET"]}}],"collection":[{"href":"https:\/\/radiopoloniawinnipeg.com\/index.php\/wp-json\/wp\/v2\/posts"}],"about":[{"href":"https:\/\/radiopoloniawinnipeg.com\/index.php\/wp-json\/wp\/v2\/types\/post"}],"author":[{"embeddable":true,"href":"https:\/\/radiopoloniawinnipeg.com\/index.php\/wp-json\/wp\/v2\/users\/3"}],"replies":[{"embeddable":true,"href":"https:\/\/radiopoloniawinnipeg.com\/index.php\/wp-json\/wp\/v2\/comments?post=2884"}],"version-history":[{"count":0,"href":"https:\/\/radiopoloniawinnipeg.com\/index.php\/wp-json\/wp\/v2\/posts\/2884\/revisions"}],"wp:featuredmedia":[{"embeddable":true,"href":"https:\/\/radiopoloniawinnipeg.com\/index.php\/wp-json\/wp\/v2\/media\/2885"}],"wp:attachment":[{"href":"https:\/\/radiopoloniawinnipeg.com\/index.php\/wp-json\/wp\/v2\/media?parent=2884"}],"wp:term":[{"taxonomy":"category","embeddable":true,"href":"https:\/\/radiopoloniawinnipeg.com\/index.php\/wp-json\/wp\/v2\/categories?post=2884"},{"taxonomy":"post_tag","embeddable":true,"href":"https:\/\/radiopoloniawinnipeg.com\/index.php\/wp-json\/wp\/v2\/tags?post=2884"}],"curies":[{"name":"wp","href":"https:\/\/api.w.org\/{rel}","templated":true}]}}