{"id":2886,"date":"2025-07-28T14:15:07","date_gmt":"2025-07-28T18:15:07","guid":{"rendered":"https:\/\/radiopoloniawinnipeg.com\/index.php\/2025\/07\/28\/nowy-sondaz-ko-traci-najwiecej-duzy-wzrost-konfederacji\/"},"modified":"2025-07-28T14:15:07","modified_gmt":"2025-07-28T18:15:07","slug":"nowy-sondaz-ko-traci-najwiecej-duzy-wzrost-konfederacji","status":"publish","type":"post","link":"https:\/\/radiopoloniawinnipeg.com\/index.php\/2025\/07\/28\/nowy-sondaz-ko-traci-najwiecej-duzy-wzrost-konfederacji\/","title":{"rendered":"Nowy sonda\u017c: KO traci najwi\u0119cej, du\u017cy wzrost Konfederacji"},"content":{"rendered":"<p><img decoding=\"async\" loading=\"lazy\" class=\"aligncenter size-custom-full-size wp-image-218955\" src=\"https:\/\/bejsment.com\/wp-content\/uploads\/2025\/07\/aasejm2-636x478.jpg\" alt=\"\" width=\"636\" height=\"478\" \/><\/p>\n<p><strong>Gdyby wybory parlamentarne odby\u0142y si\u0119 w najbli\u017csz\u0105 niedziel\u0119, zwyci\u0119zc\u0105 zosta\u0142oby Prawo i Sprawiedliwo\u015b\u0107 \u2013 wynika z najnowszego sonda\u017cu United Surveys dla Wirtualnej Polski. PiS zdoby\u0142oby 28,3 proc. g\u0142os\u00f3w, co oznacza spadek o 0,9 punktu procentowego w por\u00f3wnaniu do poprzedniego badania.<\/strong><\/p>\n<p>Na drugim miejscu uplasowa\u0142a si\u0119 Koalicja Obywatelska z wynikiem 25,8 proc., trac\u0105c a\u017c 2,4 pkt. proc. \u2013 najwi\u0119cej spo\u015br\u00f3d wszystkich ugrupowa\u0144. Sonda\u017c przeprowadzono po ostatniej rekonstrukcji rz\u0105du, kt\u00f3ra \u2013 jak zauwa\u017ca WP \u2013 nie poprawi\u0142a notowa\u0144 partii Donalda Tuska. Jeszcze dwa tygodnie temu r\u00f3\u017cnica mi\u0119dzy PiS a KO wynosi\u0142a 1 punkt procentowy, dzi\u015b jest ju\u017c dwa razy wi\u0119ksza.<\/p>\n<p>Najwi\u0119kszy wzrost poparcia odnotowa\u0142a Konfederacja \u2013 zyska\u0142a 4,9 pkt. proc. i osi\u0105gn\u0119\u0142a wynik 17,4 proc., co daje jej trzecie miejsce.<\/p>\n<p>Do Sejmu wesz\u0142yby jeszcze Lewica \u2013 z wynikiem 6,7 proc. (-0,1 pkt. proc.) oraz Konfederacja Korony Polskiej, kt\u00f3ra przekroczy\u0142a pr\u00f3g wyborczy i zdoby\u0142a 5,4 proc. (+1,2 pkt. proc.).<\/p>\n<p>Poza parlamentem znalaz\u0142yby si\u0119 Polska 2050 (4,1 proc., +1,3 pkt. proc.), Polskie Stronnictwo Ludowe (3,7 proc., +0,2 pkt. proc.) i partia Razem (3,6 proc., +0,6 pkt. proc.).<\/p>\n<p>Odsetek niezdecydowanych spad\u0142 znacz\u0105co \u2013 z 9,7 do 5,1 proc.<\/p>\n<p><strong>Przeliczenie g\u0142os\u00f3w na mandaty wygl\u0105da\u0142oby nast\u0119puj\u0105co:<\/strong><\/p>\n<ol>\n<li>Prawo i Sprawiedliwo\u015b\u0107 \u2013 170 mandat\u00f3w<\/li>\n<li>Koalicja Obywatelska \u2013 153 mandaty<\/li>\n<li>Konfederacja \u2013 96 mandat\u00f3w<\/li>\n<li>Lewica \u2013 25 mandat\u00f3w<\/li>\n<li>Konfederacja Korony Polskiej \u2013 16 mandat\u00f3w<\/li>\n<\/ol>\n<p style=\"text-align: right\"><em>Na podst. WP<\/em><\/p>\n","protected":false},"excerpt":{"rendered":"<p>Gdyby wybory parlamentarne odby\u0142y si\u0119 w najbli\u017csz\u0105 niedziel\u0119, zwyci\u0119zc\u0105 zosta\u0142oby Prawo i Sprawiedliwo\u015b\u0107 \u2013 wynika z najnowszego sonda\u017cu United Surveys dla Wirtualnej Polski. PiS zdoby\u0142oby&hellip;<\/p>\n","protected":false},"author":3,"featured_media":2887,"comment_status":"open","ping_status":"open","sticky":false,"template":"","format":"standard","meta":{"footnotes":""},"categories":[14,18],"tags":[],"class_list":["post-2886","post","type-post","status-publish","format-standard","has-post-thumbnail","hentry","category-polska","category-top-news"],"_links":{"self":[{"href":"https:\/\/radiopoloniawinnipeg.com\/index.php\/wp-json\/wp\/v2\/posts\/2886","targetHints":{"allow":["GET"]}}],"collection":[{"href":"https:\/\/radiopoloniawinnipeg.com\/index.php\/wp-json\/wp\/v2\/posts"}],"about":[{"href":"https:\/\/radiopoloniawinnipeg.com\/index.php\/wp-json\/wp\/v2\/types\/post"}],"author":[{"embeddable":true,"href":"https:\/\/radiopoloniawinnipeg.com\/index.php\/wp-json\/wp\/v2\/users\/3"}],"replies":[{"embeddable":true,"href":"https:\/\/radiopoloniawinnipeg.com\/index.php\/wp-json\/wp\/v2\/comments?post=2886"}],"version-history":[{"count":0,"href":"https:\/\/radiopoloniawinnipeg.com\/index.php\/wp-json\/wp\/v2\/posts\/2886\/revisions"}],"wp:featuredmedia":[{"embeddable":true,"href":"https:\/\/radiopoloniawinnipeg.com\/index.php\/wp-json\/wp\/v2\/media\/2887"}],"wp:attachment":[{"href":"https:\/\/radiopoloniawinnipeg.com\/index.php\/wp-json\/wp\/v2\/media?parent=2886"}],"wp:term":[{"taxonomy":"category","embeddable":true,"href":"https:\/\/radiopoloniawinnipeg.com\/index.php\/wp-json\/wp\/v2\/categories?post=2886"},{"taxonomy":"post_tag","embeddable":true,"href":"https:\/\/radiopoloniawinnipeg.com\/index.php\/wp-json\/wp\/v2\/tags?post=2886"}],"curies":[{"name":"wp","href":"https:\/\/api.w.org\/{rel}","templated":true}]}}