{"id":2888,"date":"2025-07-28T15:15:08","date_gmt":"2025-07-28T19:15:08","guid":{"rendered":"https:\/\/radiopoloniawinnipeg.com\/index.php\/2025\/07\/28\/katastrofa-kolejowa-w-niemczech-sa-ofiary-smiertelne-i-dziesiatki-rannych\/"},"modified":"2025-07-28T15:15:08","modified_gmt":"2025-07-28T19:15:08","slug":"katastrofa-kolejowa-w-niemczech-sa-ofiary-smiertelne-i-dziesiatki-rannych","status":"publish","type":"post","link":"https:\/\/radiopoloniawinnipeg.com\/index.php\/2025\/07\/28\/katastrofa-kolejowa-w-niemczech-sa-ofiary-smiertelne-i-dziesiatki-rannych\/","title":{"rendered":"Katastrofa kolejowa w Niemczech. S\u0105 ofiary \u015bmiertelne i dziesi\u0105tki rannych"},"content":{"rendered":"<div id=\"attachment_218970\" style=\"width: 646px\" class=\"wp-caption aligncenter\"><img decoding=\"async\" loading=\"lazy\" aria-describedby=\"caption-attachment-218970\" class=\"size-custom-full-size wp-image-218970\" src=\"https:\/\/bejsment.com\/wp-content\/uploads\/2025\/07\/aakatastrofakolejowa-636x403.jpeg\" alt=\"\" width=\"636\" height=\"403\" \/><\/p>\n<p id=\"caption-attachment-218970\" class=\"wp-caption-text\">epa12266697 An emergency worker stands on the railway tracks before a derailed passenger train near Riedlingen, Germany, 27 July 2025. EPA\/NONSTOPNEWS<br \/>Dostawca: PAP\/EPA.<\/p>\n<\/div>\n<p><strong>Co najmniej trzy osoby zgin\u0119\u0142y, a oko\u0142o 50 zosta\u0142o rannych \u2013 w tym 25 ci\u0119\u017cko \u2013 w wyniku katastrofy kolejowej, do kt\u00f3rej dosz\u0142o w niedziel\u0119 wieczorem w Badenii-Wirtembergii na po\u0142udniowym zachodzie Niemiec. Informacj\u0119 potwierdzi\u0142a policja w Stuttgarcie.<\/strong><\/p>\n<p>Do wypadku dosz\u0142o oko\u0142o godziny 18 w pobli\u017cu miejscowo\u015bci Riedlingen, oko\u0142o 100 km na po\u0142udnie od Stuttgartu. Wykolei\u0142y si\u0119 dwa wagony poci\u0105gu regionalnego Deutsche Bahn jad\u0105cego z Sigmaringen do Ulm. Na pok\u0142adzie znajdowa\u0142o si\u0119 oko\u0142o 100 pasa\u017cer\u00f3w.<\/p>\n<p>Jak podaje agencja dpa, oba wagony uleg\u0142y zderzeniu i przewr\u00f3ci\u0142y si\u0119 na bok w trudno dost\u0119pnym, zalesionym terenie. Na miejscu pracuj\u0105 ekipy ratownicze wyposa\u017cone w specjalistyczny sprz\u0119t.<\/p>\n<p>Przyczyna wypadku nie zosta\u0142a jeszcze ustalona, jednak lokalne w\u0142adze przypuszczaj\u0105, \u017ce m\u00f3g\u0142 on mie\u0107 zwi\u0105zek z gwa\u0142townymi burzami, kt\u00f3re przetoczy\u0142y si\u0119 nad regionem w niedzielne popo\u0142udnie. W niekt\u00f3rych miejscach spad\u0142o od 30 do 40 litr\u00f3w deszczu na metr kwadratowy. Ulewy mog\u0142y doprowadzi\u0107 do osuni\u0119cia si\u0119 ziemi pod torami i tym samym wykolejenia poci\u0105gu.<\/p>\n<p>\u2013 Pada\u0142o tak intensywnie, \u017ce nie mo\u017cemy wykluczy\u0107, i\u017c silny deszcz i osuwisko przyczyni\u0142y si\u0119 do tej tragedii \u2013 powiedzia\u0142 szef MSW Badenii-Wirtembergii, Thomas Strobl.<\/p>\n<p>Kanclerz Niemiec Friedrich Merz wyrazi\u0142 g\u0142\u0119boki wstrz\u0105s i wsp\u00f3\u0142czucie dla rodzin ofiar. \u2013 Jestem w sta\u0142ym kontakcie z ministrem spraw wewn\u0119trznych i ministrem transportu, kt\u00f3rych poprosi\u0142em o zapewnienie ekipom ratowniczym wszelkich niezb\u0119dnych \u015brodk\u00f3w \u2013 napisa\u0142 na platformie X.<\/p>\n<p>Jak przypomina agencja AFP, najtragiczniejszy wypadek kolejowy w Niemczech mia\u0142 miejsce w 1998 roku w Eschede, w Dolnej Saksonii. W\u00f3wczas wykolei\u0142 si\u0119 poci\u0105g ekspresowy, a \u017cycie straci\u0142o 101 os\u00f3b.<\/p>\n<p style=\"text-align: right\"><em>Na podst. DPA, AFP<\/em><\/p>\n","protected":false},"excerpt":{"rendered":"<p>epa12266697 An emergency worker stands on the railway tracks before a derailed passenger train near Riedlingen, Germany, 27 July 2025. EPA\/NONSTOPNEWSDostawca: PAP\/EPA. Co najmniej trzy&hellip;<\/p>\n","protected":false},"author":3,"featured_media":2889,"comment_status":"open","ping_status":"open","sticky":false,"template":"","format":"standard","meta":{"footnotes":""},"categories":[15,18],"tags":[],"class_list":["post-2888","post","type-post","status-publish","format-standard","has-post-thumbnail","hentry","category-swiat","category-top-news"],"_links":{"self":[{"href":"https:\/\/radiopoloniawinnipeg.com\/index.php\/wp-json\/wp\/v2\/posts\/2888","targetHints":{"allow":["GET"]}}],"collection":[{"href":"https:\/\/radiopoloniawinnipeg.com\/index.php\/wp-json\/wp\/v2\/posts"}],"about":[{"href":"https:\/\/radiopoloniawinnipeg.com\/index.php\/wp-json\/wp\/v2\/types\/post"}],"author":[{"embeddable":true,"href":"https:\/\/radiopoloniawinnipeg.com\/index.php\/wp-json\/wp\/v2\/users\/3"}],"replies":[{"embeddable":true,"href":"https:\/\/radiopoloniawinnipeg.com\/index.php\/wp-json\/wp\/v2\/comments?post=2888"}],"version-history":[{"count":0,"href":"https:\/\/radiopoloniawinnipeg.com\/index.php\/wp-json\/wp\/v2\/posts\/2888\/revisions"}],"wp:featuredmedia":[{"embeddable":true,"href":"https:\/\/radiopoloniawinnipeg.com\/index.php\/wp-json\/wp\/v2\/media\/2889"}],"wp:attachment":[{"href":"https:\/\/radiopoloniawinnipeg.com\/index.php\/wp-json\/wp\/v2\/media?parent=2888"}],"wp:term":[{"taxonomy":"category","embeddable":true,"href":"https:\/\/radiopoloniawinnipeg.com\/index.php\/wp-json\/wp\/v2\/categories?post=2888"},{"taxonomy":"post_tag","embeddable":true,"href":"https:\/\/radiopoloniawinnipeg.com\/index.php\/wp-json\/wp\/v2\/tags?post=2888"}],"curies":[{"name":"wp","href":"https:\/\/api.w.org\/{rel}","templated":true}]}}