{"id":2890,"date":"2025-07-28T15:45:03","date_gmt":"2025-07-28T19:45:03","guid":{"rendered":"https:\/\/radiopoloniawinnipeg.com\/index.php\/2025\/07\/28\/gaza-gloduje-anand-izrael-musi-przepuscic-pomoc-humanitarna\/"},"modified":"2025-07-28T15:45:03","modified_gmt":"2025-07-28T19:45:03","slug":"gaza-gloduje-anand-izrael-musi-przepuscic-pomoc-humanitarna","status":"publish","type":"post","link":"https:\/\/radiopoloniawinnipeg.com\/index.php\/2025\/07\/28\/gaza-gloduje-anand-izrael-musi-przepuscic-pomoc-humanitarna\/","title":{"rendered":"Gaza g\u0142oduje. Anand: Izrael musi przepu\u015bci\u0107 pomoc humanitarn\u0105"},"content":{"rendered":"<div id=\"attachment_218932\" style=\"width: 646px\" class=\"wp-caption aligncenter\"><img decoding=\"async\" loading=\"lazy\" aria-describedby=\"caption-attachment-218932\" class=\"size-custom-full-size wp-image-218932\" src=\"https:\/\/bejsment.com\/wp-content\/uploads\/2025\/07\/aaanand-1-636x499.jpg\" alt=\"\" width=\"636\" height=\"499\" \/><\/p>\n<p id=\"caption-attachment-218932\" class=\"wp-caption-text\">Anita Anand<\/p>\n<\/div>\n<p><strong>Minister spraw zagranicznych Anita Anand poinformowa\u0142a, \u017ce Kanada ma przygotowane ci\u0119\u017car\u00f3wki z pomoc\u0105 humanitarn\u0105 dla mieszka\u0144c\u00f3w Strefy Gazy i czeka na pozwolenie w\u0142adz Izraela na ich wjazd. W mediach spo\u0142eczno\u015bciowych Anand podkre\u015bli\u0142a, \u017ce Jordania umo\u017cliwi\u0142a przekazanie pomocy \u201ez wyprzedzeniem\u201d, ale jej dostarczenie do Gazy zale\u017cy od decyzji izraelskich w\u0142adz.<\/strong><\/p>\n<p>W pi\u0105tek Anand rozmawia\u0142a telefonicznie z izraelskim ministrem spraw zagranicznych Gideonem Sa\u2019arem, zabiegaj\u0105c o zgod\u0119 na przejazd ci\u0119\u017car\u00f3wek. Od tego czasu Izrael og\u0142osi\u0142 utworzenie kilku korytarzy humanitarnych, umo\u017cliwiaj\u0105c dostawy od ONZ oraz zrzuty \u017cywno\u015bci przez wybrane pa\u0144stwa. Mimo to pomoc pozostaje ograniczona, a sytuacja humanitarna \u2013 dramatyczna.<\/p>\n<p>Izrael twierdzi, \u017ce Hamas przejmuje pomoc i wykorzystuje j\u0105 do wzmacniania swojej w\u0142adzy, jednak nie przedstawia na to dowod\u00f3w. Tymczasem wi\u0119kszo\u015b\u0107 mieszka\u0144c\u00f3w Gazy jest uzale\u017cniona od zewn\u0119trznego wsparcia. Wed\u0142ug \u015awiatowego Programu \u017bywno\u015bciowego ONZ, jedna trzecia ludno\u015bci nie jad\u0142a od kilku dni, a prawie p\u00f3\u0142 miliona os\u00f3b cierpi z powodu g\u0142odu. W lipcu odnotowano 63 zgony z powodu niedo\u017cywienia \u2013 w tym 24 dzieci poni\u017cej pi\u0105tego roku \u017cycia.<\/p>\n<p><img decoding=\"async\" loading=\"lazy\" class=\"aligncenter size-custom-full-size wp-image-218934\" src=\"https:\/\/bejsment.com\/wp-content\/uploads\/2025\/07\/aagazagloduje-636x409.jpg\" alt=\"\" width=\"636\" height=\"409\" \/><\/p>\n<p>ONZ ostrzega, \u017ce nap\u0142yw \u017cywno\u015bci wci\u0105\u017c jest znacznie mniejszy ni\u017c potrzeby. Wielu Palesty\u0144czyk\u00f3w zgin\u0119\u0142o, pr\u00f3buj\u0105c zdoby\u0107 jedzenie w wyznaczonych przez Izrael punktach, po tym jak niemal ca\u0142kowicie zablokowano dzia\u0142ania humanitarne ONZ.<\/p>\n<p>Izrael odrzuci\u0142 wsp\u00f3lne o\u015bwiadczenie Kanady i 25 innych rz\u0105d\u00f3w, w kt\u00f3rym pot\u0119piono ograniczenie pomocy i zabijanie cywil\u00f3w, w tym dzieci. Sa\u2019ar uzna\u0142 to za \u201eatak dyplomatyczny\u201d, kt\u00f3ry jego zdaniem utrudnia rozmowy o zawieszeniu broni i daje Hamasowi przewag\u0119 propagandow\u0105.<\/p>\n<p>Anand we\u017amie w tym tygodniu udzia\u0142 w Konferencji Wysokiego Szczebla w sprawie Palestyny, organizowanej przez ONZ przy wsp\u00f3\u0142udziale Francji i Arabii Saudyjskiej w Nowym Jorku. Celem spotkania jest pr\u00f3ba zachowania perspektywy rozwi\u0105zania dwupa\u0144stwowego.<\/p>\n<p>Kanada od lat wspiera ide\u0119 utworzenia niepodleg\u0142ego pa\u0144stwa palesty\u0144skiego, \u017cyj\u0105cego w pokoju obok Izraela. Jednak \u2013 jak wskazuj\u0105 eksperci \u2013 szanse na realizacj\u0119 tego scenariusza malej\u0105 w zwi\u0105zku z rosn\u0105c\u0105 liczb\u0105 izraelskich osiedli, zapowiedziami aneksji oraz eskalacj\u0105 przemocy po obu stronach konfliktu.<\/p>\n<p>Ambasador Kanady przy ONZ, Bob Rae, podkre\u015bli\u0142, \u017ce odpowiedzialno\u015b\u0107 za rozwi\u0105zanie spoczywa zar\u00f3wno na Izraelu, jak i Hamasie. \u201eWszyscy staramy si\u0119 znale\u017a\u0107 spos\u00f3b na uwolnienie zak\u0142adnik\u00f3w, zako\u0144czenie rzezi i z\u0142agodzenie podzia\u0142\u00f3w. \u015awiat patrzy i ocenia nas wszystkich\u201d \u2013 napisa\u0142.<\/p>\n<p>W ostatnich tygodniach kolejne kraje \u2013 m.in. Francja, Irlandia, Norwegia i Hiszpania \u2013 uzna\u0142y niepodleg\u0142o\u015b\u0107 Palestyny. Kanada jeszcze tego nie zrobi\u0142a, ale premier Mark Carney zapowiedzia\u0142, \u017ce jest to kwestia czasu. Zastrzeg\u0142 jednak, \u017ce nowe pa\u0144stwo musi \u201euznawa\u0107 prawo Izraela do istnienia\u201d.<\/p>\n<p>W mi\u0119dzyczasie Anand poinformowa\u0142a, \u017ce Kanada pomog\u0142a w bezpiecznym opuszczeniu Gazy przez 11 swoich obywateli \u2013 dzieci podr\u00f3\u017cuj\u0105cych z matkami \u2013 cho\u0107 nie poda\u0142a szczeg\u00f3\u0142\u00f3w tej operacji.<\/p>\n<p style=\"text-align: right\"><em>Na podst. Canadian Press i AP<\/em><\/p>\n","protected":false},"excerpt":{"rendered":"<p>Anita Anand Minister spraw zagranicznych Anita Anand poinformowa\u0142a, \u017ce Kanada ma przygotowane ci\u0119\u017car\u00f3wki z pomoc\u0105 humanitarn\u0105 dla mieszka\u0144c\u00f3w Strefy Gazy i czeka na pozwolenie w\u0142adz&hellip;<\/p>\n","protected":false},"author":3,"featured_media":2891,"comment_status":"open","ping_status":"open","sticky":false,"template":"","format":"standard","meta":{"footnotes":""},"categories":[12,18],"tags":[],"class_list":["post-2890","post","type-post","status-publish","format-standard","has-post-thumbnail","hentry","category-kanada","category-top-news"],"_links":{"self":[{"href":"https:\/\/radiopoloniawinnipeg.com\/index.php\/wp-json\/wp\/v2\/posts\/2890","targetHints":{"allow":["GET"]}}],"collection":[{"href":"https:\/\/radiopoloniawinnipeg.com\/index.php\/wp-json\/wp\/v2\/posts"}],"about":[{"href":"https:\/\/radiopoloniawinnipeg.com\/index.php\/wp-json\/wp\/v2\/types\/post"}],"author":[{"embeddable":true,"href":"https:\/\/radiopoloniawinnipeg.com\/index.php\/wp-json\/wp\/v2\/users\/3"}],"replies":[{"embeddable":true,"href":"https:\/\/radiopoloniawinnipeg.com\/index.php\/wp-json\/wp\/v2\/comments?post=2890"}],"version-history":[{"count":0,"href":"https:\/\/radiopoloniawinnipeg.com\/index.php\/wp-json\/wp\/v2\/posts\/2890\/revisions"}],"wp:featuredmedia":[{"embeddable":true,"href":"https:\/\/radiopoloniawinnipeg.com\/index.php\/wp-json\/wp\/v2\/media\/2891"}],"wp:attachment":[{"href":"https:\/\/radiopoloniawinnipeg.com\/index.php\/wp-json\/wp\/v2\/media?parent=2890"}],"wp:term":[{"taxonomy":"category","embeddable":true,"href":"https:\/\/radiopoloniawinnipeg.com\/index.php\/wp-json\/wp\/v2\/categories?post=2890"},{"taxonomy":"post_tag","embeddable":true,"href":"https:\/\/radiopoloniawinnipeg.com\/index.php\/wp-json\/wp\/v2\/tags?post=2890"}],"curies":[{"name":"wp","href":"https:\/\/api.w.org\/{rel}","templated":true}]}}