{"id":2892,"date":"2025-07-28T16:15:06","date_gmt":"2025-07-28T20:15:06","guid":{"rendered":"https:\/\/radiopoloniawinnipeg.com\/index.php\/2025\/07\/28\/premier-francji-unia-europejska-ulegla-naciskom-trumpa-to-akt-poddania-sie-i-czarny-dzien-dla-europy\/"},"modified":"2025-07-28T16:15:06","modified_gmt":"2025-07-28T20:15:06","slug":"premier-francji-unia-europejska-ulegla-naciskom-trumpa-to-akt-poddania-sie-i-czarny-dzien-dla-europy","status":"publish","type":"post","link":"https:\/\/radiopoloniawinnipeg.com\/index.php\/2025\/07\/28\/premier-francji-unia-europejska-ulegla-naciskom-trumpa-to-akt-poddania-sie-i-czarny-dzien-dla-europy\/","title":{"rendered":"Premier Francji: Unia Europejska uleg\u0142a naciskom Trumpa &#8211; to akt \u201epoddania si\u0119\u201d i czarny dzie\u0144 dla Europy"},"content":{"rendered":"<p><strong>Premier Francji ostro skrytykowa\u0142 porozumienie handlowe mi\u0119dzy Uni\u0105 Europejsk\u0105 a Stanami Zjednoczonymi, okre\u015blaj\u0105c je mianem \u201eaktu kapitulacji\u201d i \u201eczarnego dnia dla Europy\u201d.<\/strong><\/p>\n<p>Francuski rz\u0105d uzna\u0142 zawart\u0105 ramow\u0105 umow\u0119 handlow\u0105 mi\u0119dzy UE a USA za pora\u017ck\u0119 europejskich interes\u00f3w, argumentuj\u0105c, \u017ce Wsp\u00f3lnota uleg\u0142a naciskom prezydenta Donalda Trumpa, zgadzaj\u0105c si\u0119 na nier\u00f3wny uk\u0142ad. W ramach umowy wprowadzono 15-procentowe c\u0142a na unijne produkty, nie oferuj\u0105c w zamian adekwatnych mechanizm\u00f3w obronnych wobec ameryka\u0144skiego importu.<\/p>\n<p>Premier Fran\u00e7ois Bayrou wystosowa\u0142 ostry komentarz, przypominaj\u0105c, \u017ce Francja wielokrotnie apelowa\u0142a o bardziej zdecydowane stanowisko negocjacyjne wobec Waszyngtonu. Tymczasem Niemcy i W\u0142ochy prezentowa\u0142y \u0142agodniejsze podej\u015bcie. Bayrou stwierdzi\u0142 na platformie X, \u017ce \u201ejest to ponury dzie\u0144 dla sojuszu wolnych narod\u00f3w, kt\u00f3ry zamiast broni\u0107 wsp\u00f3lnych warto\u015bci i interes\u00f3w, postanowi\u0142 ust\u0105pi\u0107\u201d, okre\u015blaj\u0105c uk\u0142ad jako \u201eporozumienie von der Leyen\u2013Trump\u201d.<\/p>\n<p>Milczenie prezydenta Emmanuela Macrona po podpisaniu umowy przez Donalda Trumpa i Ursul\u0119 von der Leyen tylko podkre\u015bli\u0142o r\u00f3\u017cnice w podej\u015bciu Pary\u017ca wobec bardziej umiarkowanych reakcji Berlina i Rzymu.<\/p>\n<p>Cho\u0107 cz\u0142onkowie francuskiego rz\u0105du przyznali, \u017ce niekt\u00f3re sektory, takie jak przemys\u0142 lotniczy czy spirytusowy, skorzystaj\u0105 na ustaleniach, to podkre\u015blili, \u017ce og\u00f3lny charakter porozumienia jest wyra\u017anie niekorzystny i niesymetryczny.<\/p>\n<p>\u201eObecna sytuacja jest nie do zaakceptowania i nie mo\u017ce si\u0119 utrzyma\u0107\u201d \u2013 oznajmi\u0142 minister ds. europejskich Benjamin Haddad w serwisie X. Zasugerowa\u0142 r\u00f3wnie\u017c, \u017ce Unia powinna aktywowa\u0107 tzw. mechanizm przeciwdzia\u0142ania presji ekonomicznej, kt\u00f3ry pozwala na zastosowanie niecelnych \u015brodk\u00f3w odwetowych.<\/p>\n<p>Minister handlu Laurent Saint-Martin r\u00f3wnie\u017c wyrazi\u0142 swoje niezadowolenie z przebiegu negocjacji, twierdz\u0105c, \u017ce Unia nie powinna by\u0142a unika\u0107 ostrej reakcji na, jak to uj\u0105\u0142, \u201ekonfrontacyjn\u0105 strategi\u0119 Trumpa\u201d.<\/p>\n<p>\u201eTrump rozumie tylko j\u0119zyk si\u0142y\u201d \u2013 powiedzia\u0142 w wywiadzie dla France Inter. \u201eGdyby\u015bmy wcze\u015bniej zademonstrowali gotowo\u015b\u0107 do retorsji, warunki umowy by\u0142yby zapewne inne\u201d \u2013 doda\u0142.<\/p>\n<p>Prezydent Macron wcze\u015bniej sugerowa\u0142, \u017ce je\u015bli USA wprowadz\u0105 c\u0142a na produkty unijne, Unia Europejska powinna odpowiedzie\u0107 tym samym, szczeg\u00f3lnie w sektorach us\u0142ug, gdzie Amerykanie osi\u0105gaj\u0105 nadwy\u017ck\u0119 w relacjach handlowych z Europ\u0105.<\/p>\n<p>Ostatecznie jednak przewa\u017cy\u0142o bardziej wywa\u017cone podej\u015bcie, wspierane przez kanclerza Niemiec Friedricha Merza i premier W\u0142och Giorgi\u0119 Meloni. Ich kraje, znacznie bardziej ni\u017c Francja zale\u017cne od eksportu do Stan\u00f3w Zjednoczonych, popar\u0142y kompromisowe rozwi\u0105zanie.<\/p>\n","protected":false},"excerpt":{"rendered":"<p>Premier Francji ostro skrytykowa\u0142 porozumienie handlowe mi\u0119dzy Uni\u0105 Europejsk\u0105 a Stanami Zjednoczonymi, okre\u015blaj\u0105c je mianem \u201eaktu kapitulacji\u201d i \u201eczarnego dnia dla Europy\u201d. Francuski rz\u0105d uzna\u0142&hellip;<\/p>\n","protected":false},"author":3,"featured_media":2893,"comment_status":"open","ping_status":"open","sticky":false,"template":"","format":"standard","meta":{"footnotes":""},"categories":[15,18],"tags":[],"class_list":["post-2892","post","type-post","status-publish","format-standard","has-post-thumbnail","hentry","category-swiat","category-top-news"],"_links":{"self":[{"href":"https:\/\/radiopoloniawinnipeg.com\/index.php\/wp-json\/wp\/v2\/posts\/2892","targetHints":{"allow":["GET"]}}],"collection":[{"href":"https:\/\/radiopoloniawinnipeg.com\/index.php\/wp-json\/wp\/v2\/posts"}],"about":[{"href":"https:\/\/radiopoloniawinnipeg.com\/index.php\/wp-json\/wp\/v2\/types\/post"}],"author":[{"embeddable":true,"href":"https:\/\/radiopoloniawinnipeg.com\/index.php\/wp-json\/wp\/v2\/users\/3"}],"replies":[{"embeddable":true,"href":"https:\/\/radiopoloniawinnipeg.com\/index.php\/wp-json\/wp\/v2\/comments?post=2892"}],"version-history":[{"count":0,"href":"https:\/\/radiopoloniawinnipeg.com\/index.php\/wp-json\/wp\/v2\/posts\/2892\/revisions"}],"wp:featuredmedia":[{"embeddable":true,"href":"https:\/\/radiopoloniawinnipeg.com\/index.php\/wp-json\/wp\/v2\/media\/2893"}],"wp:attachment":[{"href":"https:\/\/radiopoloniawinnipeg.com\/index.php\/wp-json\/wp\/v2\/media?parent=2892"}],"wp:term":[{"taxonomy":"category","embeddable":true,"href":"https:\/\/radiopoloniawinnipeg.com\/index.php\/wp-json\/wp\/v2\/categories?post=2892"},{"taxonomy":"post_tag","embeddable":true,"href":"https:\/\/radiopoloniawinnipeg.com\/index.php\/wp-json\/wp\/v2\/tags?post=2892"}],"curies":[{"name":"wp","href":"https:\/\/api.w.org\/{rel}","templated":true}]}}