{"id":2926,"date":"2025-07-30T08:15:05","date_gmt":"2025-07-30T12:15:05","guid":{"rendered":"https:\/\/radiopoloniawinnipeg.com\/index.php\/2025\/07\/30\/rolnik-skazany-za-brzydki-zapach-z-chlewni\/"},"modified":"2025-07-30T08:15:05","modified_gmt":"2025-07-30T12:15:05","slug":"rolnik-skazany-za-brzydki-zapach-z-chlewni","status":"publish","type":"post","link":"https:\/\/radiopoloniawinnipeg.com\/index.php\/2025\/07\/30\/rolnik-skazany-za-brzydki-zapach-z-chlewni\/","title":{"rendered":"Rolnik skazany za brzydki zapach z chlewni"},"content":{"rendered":"<div id=\"attachment_219138\" style=\"width: 646px\" class=\"wp-caption aligncenter\"><img decoding=\"async\" loading=\"lazy\" aria-describedby=\"caption-attachment-219138\" class=\"size-custom-full-size wp-image-219138\" src=\"https:\/\/bejsment.com\/wp-content\/uploads\/2025\/07\/aaszumonkluka-636x424.jpg\" alt=\"\" width=\"636\" height=\"424\" \/><\/p>\n<p id=\"caption-attachment-219138\" class=\"wp-caption-text\">Szymon Kluka w swojej chlewni.<\/p>\n<\/div>\n<p><strong>Szymon Kluka z Grodziska pod \u0141odzi\u0105 musi zap\u0142aci\u0107 ponad 110 tys. z\u0142 odszkodowania s\u0105siadom, kt\u00f3rzy od lat skar\u017cyli si\u0119 na fetor wydobywaj\u0105cy si\u0119 z jego chlewni. Cho\u0107 s\u0105dy potwierdzi\u0142y legalno\u015b\u0107 dzia\u0142ania gospodarstwa, rolnik przegra\u0142 spraw\u0119 cywiln\u0105 i zosta\u0142 zobowi\u0105zany do zmniejszenia uci\u0105\u017cliwo\u015bci hodowli.<\/strong><\/p>\n<p>Sp\u00f3r ci\u0105gnie si\u0119 od ponad dekady. Gospodarstwo Kluki dzia\u0142a od pokole\u0144, jednak nie spodoba\u0142o si\u0119 nowym s\u0105siadom, kt\u00f3rzy przeprowadzili si\u0119 z miasta i uznali zapachy za nie do zniesienia. W 2024 roku spraw\u0105 zaj\u0119li si\u0119 dziennikarze programu \u201ePa\u0144stwo w Pa\u0144stwie\u201d.<\/p>\n<p>Najpierw Naczelny S\u0105d Administracyjny orzek\u0142, \u017ce gospodarstwo funkcjonuje zgodnie z prawem. P\u00f3\u017aniej jednak s\u0105siedzi z\u0142o\u017cyli pozew cywilny i wygrali. S\u0105d przyzna\u0142 im odszkodowania oraz nakaza\u0142 rolnikowi m.in. zasadzi\u0107 pas zieleni wok\u00f3\u0142 chlewni, ograniczy\u0107 jej dzia\u0142anie w wieczory i dni wolne oraz wywozi\u0107 obornik tylko przy sprzyjaj\u0105cej pogodzie.<\/p>\n<p>28 maja S\u0105d Najwy\u017cszy oddali\u0142 kasacj\u0119 w tej sprawie. Kluka, kt\u00f3ry twierdzi, \u017ce pad\u0142 ofiar\u0105 niesprawiedliwo\u015bci, szuka\u0142 wsparcia u w\u0142adz. W pi\u0105tek spotka\u0142 si\u0119 z nowym ministrem rolnictwa Stefanem Krajewskim. Resort zaproponowa\u0142 z\u0142o\u017cenie tzw. skargi nadzwyczajnej \u2013 jednak mo\u017ce to zrobi\u0107 jedynie np. Prokurator Generalny lub Rzecznik Praw Obywatelskich.<\/p>\n<p>\u2013 Rozumiem, \u017ce ludzie si\u0119 sprowadzaj\u0105\u2026 Tylko \u017ce to jest wie\u015b. Ca\u0142y czas to jest wie\u015b \u2013 powiedzia\u0142 pan Szymon w rozmowie z \u201eTygodnikiem Przegl\u0105d Rolniczy\u201d.<\/p>\n<p><em>Na podst. Farmer<\/em><\/p>\n","protected":false},"excerpt":{"rendered":"<p>Szymon Kluka w swojej chlewni. Szymon Kluka z Grodziska pod \u0141odzi\u0105 musi zap\u0142aci\u0107 ponad 110 tys. z\u0142 odszkodowania s\u0105siadom, kt\u00f3rzy od lat skar\u017cyli si\u0119 na&hellip;<\/p>\n","protected":false},"author":3,"featured_media":2927,"comment_status":"open","ping_status":"open","sticky":false,"template":"","format":"standard","meta":{"footnotes":""},"categories":[14,18],"tags":[],"class_list":["post-2926","post","type-post","status-publish","format-standard","has-post-thumbnail","hentry","category-polska","category-top-news"],"_links":{"self":[{"href":"https:\/\/radiopoloniawinnipeg.com\/index.php\/wp-json\/wp\/v2\/posts\/2926","targetHints":{"allow":["GET"]}}],"collection":[{"href":"https:\/\/radiopoloniawinnipeg.com\/index.php\/wp-json\/wp\/v2\/posts"}],"about":[{"href":"https:\/\/radiopoloniawinnipeg.com\/index.php\/wp-json\/wp\/v2\/types\/post"}],"author":[{"embeddable":true,"href":"https:\/\/radiopoloniawinnipeg.com\/index.php\/wp-json\/wp\/v2\/users\/3"}],"replies":[{"embeddable":true,"href":"https:\/\/radiopoloniawinnipeg.com\/index.php\/wp-json\/wp\/v2\/comments?post=2926"}],"version-history":[{"count":0,"href":"https:\/\/radiopoloniawinnipeg.com\/index.php\/wp-json\/wp\/v2\/posts\/2926\/revisions"}],"wp:featuredmedia":[{"embeddable":true,"href":"https:\/\/radiopoloniawinnipeg.com\/index.php\/wp-json\/wp\/v2\/media\/2927"}],"wp:attachment":[{"href":"https:\/\/radiopoloniawinnipeg.com\/index.php\/wp-json\/wp\/v2\/media?parent=2926"}],"wp:term":[{"taxonomy":"category","embeddable":true,"href":"https:\/\/radiopoloniawinnipeg.com\/index.php\/wp-json\/wp\/v2\/categories?post=2926"},{"taxonomy":"post_tag","embeddable":true,"href":"https:\/\/radiopoloniawinnipeg.com\/index.php\/wp-json\/wp\/v2\/tags?post=2926"}],"curies":[{"name":"wp","href":"https:\/\/api.w.org\/{rel}","templated":true}]}}