{"id":2938,"date":"2025-07-30T15:30:04","date_gmt":"2025-07-30T19:30:04","guid":{"rendered":"https:\/\/radiopoloniawinnipeg.com\/index.php\/2025\/07\/30\/petycja-o-referendum-w-sprawie-pozostania-alberty-w-kanadzie-zatwierdzona-przez-elections-alberta\/"},"modified":"2025-07-30T15:30:04","modified_gmt":"2025-07-30T19:30:04","slug":"petycja-o-referendum-w-sprawie-pozostania-alberty-w-kanadzie-zatwierdzona-przez-elections-alberta","status":"publish","type":"post","link":"https:\/\/radiopoloniawinnipeg.com\/index.php\/2025\/07\/30\/petycja-o-referendum-w-sprawie-pozostania-alberty-w-kanadzie-zatwierdzona-przez-elections-alberta\/","title":{"rendered":"Petycja o referendum w sprawie pozostania Alberty w Kanadzie zatwierdzona przez Elections Alberta"},"content":{"rendered":"<div id=\"attachment_219224\" style=\"width: 160px\" class=\"wp-caption aligncenter\"><a href=\"https:\/\/bejsment.com\/wp-content\/uploads\/2025\/07\/Lukaszuk.jpg\"><img decoding=\"async\" loading=\"lazy\" aria-describedby=\"caption-attachment-219224\" class=\"wp-image-219224 size-thumbnail\" src=\"https:\/\/bejsment.com\/wp-content\/uploads\/2025\/07\/Lukaszuk-150x150.jpg\" alt=\"\" width=\"150\" height=\"150\" \/><\/a><\/p>\n<p id=\"caption-attachment-219224\" class=\"wp-caption-text\">Thomas Lukaszuk<\/p>\n<\/div>\n<p>W ca\u0142ej prowincji Alberta rozpocz\u0119to zbieranie podpis\u00f3w pod petycj\u0105, w kt\u00f3rej mieszka\u0144cy maj\u0105 odpowiedzie\u0107 na pytanie, czy prowincja powinna pozosta\u0107 cz\u0119\u015bci\u0105 Kanady.<\/p>\n<p>G\u0142\u00f3wny urz\u0119dnik wyborczy Gordon McClure poinformowa\u0142 w \u015brod\u0119 w komunikacie prasowym, \u017ce mieszka\u0144cy Alberty mog\u0105 ju\u017c sk\u0142ada\u0107 podpisy pod inicjatyw\u0105 obywatelsk\u0105 \u201eAlberta Forever Canada\u201d. Pytanie, kt\u00f3re zadano w petycji, brzmi: <em>\u201e<strong>Czy zgadzasz si\u0119, \u017ce Alberta powinna pozosta\u0107 w Kanadzie<\/strong>?\u201d<\/em><\/p>\n<p>Autorem inicjatywy jest by\u0142y konserwatywny wicepremier Alberty, <strong>Thomas Lukaszuk<\/strong>, kt\u00f3ry z\u0142o\u017cy\u0142 wniosek w czerwcu. Jak podkre\u015bla, celem petycji jest powstrzymanie plan\u00f3w dotycz\u0105cych ewentualnego separatyzmu w prowincji.<\/p>\n<p>Zgodnie z informacjami podanymi na stronie Elections Alberta, mieszka\u0144cy prowincji maj\u0105 mo\u017cliwo\u015b\u0107 korzystania z petycji obywatelskich, aby przed\u0142o\u017cy\u0107 propozycj\u0119 polityczn\u0105 Zgromadzeniu Ustawodawczemu lub doprowadzi\u0107 do referendum konstytucyjnego.<\/p>\n<p>W przypadku petycji Lukaszuka wymagana liczba podpis\u00f3w jest jednak znacznie wy\u017csza ni\u017c zwykle. Poniewa\u017c jego inicjatywa zosta\u0142a z\u0142o\u017cona jeszcze przed obni\u017ceniem progu podpis\u00f3w wymaganego do przeprowadzenia referend\u00f3w z inicjatywy obywateli (od lipca 2024 roku wynosi on 177 tys.), musi on zebra\u0107 <strong>oko\u0142o 294 tys. podpis\u00f3w<\/strong> uprawnionych wyborc\u00f3w w ci\u0105gu 90 dni. To r\u00f3wnowarto\u015b\u0107 10 proc. liczby os\u00f3b uprawnionych do g\u0142osowania wed\u0142ug danych z wybor\u00f3w prowincjonalnych w 2023 roku.<\/p>\n<p>Pod uwag\u0119 b\u0119d\u0105 brane wy\u0142\u0105cznie oryginalne, papierowe podpisy. Ka\u017cdy podpis musi zosta\u0107 z\u0142o\u017cony w obecno\u015bci zarejestrowanego agitatora, kt\u00f3ry z\u0142o\u017cy przysi\u0119g\u0119 potwierdzaj\u0105c\u0105, \u017ce osoba podpisuj\u0105ca by\u0142a uprawniona do udzia\u0142u w inicjatywie.<\/p>\n<p>W uzasadnieniu wniosku Lukaszuk napisa\u0142, \u017ce wi\u0119kszo\u015b\u0107 mieszka\u0144c\u00f3w Alberty to lojalni Kanadyjczycy, sprzeciwiaj\u0105cy si\u0119 wszelkim formom separacji. Ostrzeg\u0142, \u017ce od\u0142\u0105czenie prowincji od Kanady mog\u0142oby zaszkodzi\u0107 gospodarce, naruszy\u0107 prawa obywatelskie mieszka\u0144c\u00f3w, prawa traktatowe Pierwszych Narod\u00f3w oraz wywo\u0142a\u0107 szereg innych powa\u017cnych skutk\u00f3w.<\/p>\n<h3>Zwolennicy separacji maj\u0105 w\u0142asn\u0105 inicjatyw\u0119<\/h3>\n<p>Tymczasem \u015brodowiska popieraj\u0105ce od\u0142\u0105czenie Alberty od Kanady promuj\u0105 zupe\u0142nie inn\u0105 inicjatyw\u0119. Trwa s\u0105dowa ocena konstytucyjno\u015bci proponowanego przez nich pytania referendalnego:<br \/>\n<em>\u201e<strong>Czy zgadzasz si\u0119, \u017ce prowincja Alberta stanie si\u0119 suwerennym krajem i przestanie by\u0107 prowincj\u0105 Kanady<\/strong>?\u201d<\/em><\/p>\n<p>Autorem tego pytania jest <strong>Mitch Sylvestre<\/strong>, cz\u0142onek zarz\u0105du organizacji <strong>Alberta Prosperity Project<\/strong>, kt\u00f3ra podr\u00f3\u017cuje po prowincji, promuj\u0105c ide\u0119 niepodleg\u0142o\u015bci.<\/p>\n<p>Je\u015bli referendum zostanie zatwierdzone, jego zwolennicy b\u0119d\u0105 mieli 120 dni na zebranie wymaganej liczby podpis\u00f3w \u2013 zgodnie z nowymi zasadami obowi\u0105zuj\u0105cymi w prowincji.<\/p>\n","protected":false},"excerpt":{"rendered":"<p>Thomas Lukaszuk W ca\u0142ej prowincji Alberta rozpocz\u0119to zbieranie podpis\u00f3w pod petycj\u0105, w kt\u00f3rej mieszka\u0144cy maj\u0105 odpowiedzie\u0107 na pytanie, czy prowincja powinna pozosta\u0107 cz\u0119\u015bci\u0105 Kanady. G\u0142\u00f3wny&hellip;<\/p>\n","protected":false},"author":3,"featured_media":2939,"comment_status":"open","ping_status":"open","sticky":false,"template":"","format":"standard","meta":{"footnotes":""},"categories":[12,18],"tags":[],"class_list":["post-2938","post","type-post","status-publish","format-standard","has-post-thumbnail","hentry","category-kanada","category-top-news"],"_links":{"self":[{"href":"https:\/\/radiopoloniawinnipeg.com\/index.php\/wp-json\/wp\/v2\/posts\/2938","targetHints":{"allow":["GET"]}}],"collection":[{"href":"https:\/\/radiopoloniawinnipeg.com\/index.php\/wp-json\/wp\/v2\/posts"}],"about":[{"href":"https:\/\/radiopoloniawinnipeg.com\/index.php\/wp-json\/wp\/v2\/types\/post"}],"author":[{"embeddable":true,"href":"https:\/\/radiopoloniawinnipeg.com\/index.php\/wp-json\/wp\/v2\/users\/3"}],"replies":[{"embeddable":true,"href":"https:\/\/radiopoloniawinnipeg.com\/index.php\/wp-json\/wp\/v2\/comments?post=2938"}],"version-history":[{"count":0,"href":"https:\/\/radiopoloniawinnipeg.com\/index.php\/wp-json\/wp\/v2\/posts\/2938\/revisions"}],"wp:featuredmedia":[{"embeddable":true,"href":"https:\/\/radiopoloniawinnipeg.com\/index.php\/wp-json\/wp\/v2\/media\/2939"}],"wp:attachment":[{"href":"https:\/\/radiopoloniawinnipeg.com\/index.php\/wp-json\/wp\/v2\/media?parent=2938"}],"wp:term":[{"taxonomy":"category","embeddable":true,"href":"https:\/\/radiopoloniawinnipeg.com\/index.php\/wp-json\/wp\/v2\/categories?post=2938"},{"taxonomy":"post_tag","embeddable":true,"href":"https:\/\/radiopoloniawinnipeg.com\/index.php\/wp-json\/wp\/v2\/tags?post=2938"}],"curies":[{"name":"wp","href":"https:\/\/api.w.org\/{rel}","templated":true}]}}