{"id":2942,"date":"2025-07-30T16:45:05","date_gmt":"2025-07-30T20:45:05","guid":{"rendered":"https:\/\/radiopoloniawinnipeg.com\/index.php\/2025\/07\/30\/trump-wprowadza-nowe-cla-na-indie-to-kara-za-zakupy-rosyjskiej-broni-i-energii\/"},"modified":"2025-07-30T16:45:05","modified_gmt":"2025-07-30T20:45:05","slug":"trump-wprowadza-nowe-cla-na-indie-to-kara-za-zakupy-rosyjskiej-broni-i-energii","status":"publish","type":"post","link":"https:\/\/radiopoloniawinnipeg.com\/index.php\/2025\/07\/30\/trump-wprowadza-nowe-cla-na-indie-to-kara-za-zakupy-rosyjskiej-broni-i-energii\/","title":{"rendered":"Trump wprowadza nowe c\u0142a na Indie. \u201eTo kara za zakupy rosyjskiej broni i energii\u201d"},"content":{"rendered":"<p>Donald Trump og\u0142osi\u0142 w \u015brod\u0119, 30 lipca, \u017ce towary importowane z Indii zostan\u0105 obj\u0119te 25-procentowym c\u0142em. To wyra\u017anie wi\u0119cej ni\u017c kontrowersyjne 15-proc. taryfy, jakie wcze\u015bniej na\u0142o\u017cono na import z Unii Europejskiej.<\/p>\n<p>Wed\u0142ug informacji AFP, prezydent USA podkre\u015bli\u0142, \u017ce decyzja ta ma by\u0107 odpowiedzi\u0105 na \u201eniekorzystn\u0105\u201d polityk\u0119 handlow\u0105 Indii oraz form\u0105 sankcji za zakup rosyjskiej broni i energii.<\/p>\n<p>Dla przypomnienia \u2013 w ramach nowej umowy handlowej z UE Stany Zjednoczone wprowadzi\u0142y 15-procentowe c\u0142a na europejskie towary. Wielu komentator\u00f3w uzna\u0142o to porozumienie za pora\u017ck\u0119 Unii Europejskiej i du\u017ce zwyci\u0119stwo administracji ameryka\u0144skiej, kt\u00f3ra konsekwentnie forsowa\u0142a swoje warunki.<\/p>\n<p>Jak podaje \u201eFinancial Times\u201d, odk\u0105d Donald Trump rozpocz\u0105\u0142 drug\u0105 kadencj\u0119 w styczniu tego roku, poziom ameryka\u0144skich taryf celnych osi\u0105gn\u0105\u0142 najwy\u017csz\u0105 warto\u015b\u0107 od lat 30. XX wieku.<\/p>\n","protected":false},"excerpt":{"rendered":"<p>Donald Trump og\u0142osi\u0142 w \u015brod\u0119, 30 lipca, \u017ce towary importowane z Indii zostan\u0105 obj\u0119te 25-procentowym c\u0142em. To wyra\u017anie wi\u0119cej ni\u017c kontrowersyjne 15-proc. taryfy, jakie wcze\u015bniej&hellip;<\/p>\n","protected":false},"author":3,"featured_media":2943,"comment_status":"open","ping_status":"open","sticky":false,"template":"","format":"standard","meta":{"footnotes":""},"categories":[15,18],"tags":[],"class_list":["post-2942","post","type-post","status-publish","format-standard","has-post-thumbnail","hentry","category-swiat","category-top-news"],"_links":{"self":[{"href":"https:\/\/radiopoloniawinnipeg.com\/index.php\/wp-json\/wp\/v2\/posts\/2942","targetHints":{"allow":["GET"]}}],"collection":[{"href":"https:\/\/radiopoloniawinnipeg.com\/index.php\/wp-json\/wp\/v2\/posts"}],"about":[{"href":"https:\/\/radiopoloniawinnipeg.com\/index.php\/wp-json\/wp\/v2\/types\/post"}],"author":[{"embeddable":true,"href":"https:\/\/radiopoloniawinnipeg.com\/index.php\/wp-json\/wp\/v2\/users\/3"}],"replies":[{"embeddable":true,"href":"https:\/\/radiopoloniawinnipeg.com\/index.php\/wp-json\/wp\/v2\/comments?post=2942"}],"version-history":[{"count":0,"href":"https:\/\/radiopoloniawinnipeg.com\/index.php\/wp-json\/wp\/v2\/posts\/2942\/revisions"}],"wp:featuredmedia":[{"embeddable":true,"href":"https:\/\/radiopoloniawinnipeg.com\/index.php\/wp-json\/wp\/v2\/media\/2943"}],"wp:attachment":[{"href":"https:\/\/radiopoloniawinnipeg.com\/index.php\/wp-json\/wp\/v2\/media?parent=2942"}],"wp:term":[{"taxonomy":"category","embeddable":true,"href":"https:\/\/radiopoloniawinnipeg.com\/index.php\/wp-json\/wp\/v2\/categories?post=2942"},{"taxonomy":"post_tag","embeddable":true,"href":"https:\/\/radiopoloniawinnipeg.com\/index.php\/wp-json\/wp\/v2\/tags?post=2942"}],"curies":[{"name":"wp","href":"https:\/\/api.w.org\/{rel}","templated":true}]}}