{"id":2950,"date":"2025-07-31T05:30:03","date_gmt":"2025-07-31T09:30:03","guid":{"rendered":"https:\/\/radiopoloniawinnipeg.com\/index.php\/2025\/07\/31\/lzy-bouchard-na-pozegnanie-z-tenisem\/"},"modified":"2025-07-31T05:30:03","modified_gmt":"2025-07-31T09:30:03","slug":"lzy-bouchard-na-pozegnanie-z-tenisem","status":"publish","type":"post","link":"https:\/\/radiopoloniawinnipeg.com\/index.php\/2025\/07\/31\/lzy-bouchard-na-pozegnanie-z-tenisem\/","title":{"rendered":"\u0141zy Bouchard na po\u017cegnanie z tenisem"},"content":{"rendered":"<p><img decoding=\"async\" loading=\"lazy\" class=\"aligncenter size-custom-full-size wp-image-219293\" src=\"https:\/\/bejsment.com\/wp-content\/uploads\/2025\/07\/aabouchard-1-636x358.jpg\" alt=\"\" width=\"636\" height=\"358\" \/><\/p>\n<p><strong>Eugenie Bouchard po\u017cegna\u0142a si\u0119 z zawodowym tenisem podczas turnieju WTA 1000 w Montrealu. By\u0142a finalistka Wimbledonu i dawniej okrzyczana jako \u201enowa Szarapowa\u201d zapowiedzia\u0142a wcze\u015bniej, \u017ce b\u0119dzie to jej ostatni wyst\u0119p. Jej sportowa droga zako\u0144czy\u0142a si\u0119 po pora\u017cce z Belind\u0105 Bencic 2:6, 6:3, 4:6 w drugiej rundzie.<\/strong><\/p>\n<p>Mecz trwa\u0142 136 minut i by\u0142 pe\u0142en emocji. Bouchard zdo\u0142a\u0142a wyr\u00f3wna\u0107 stan rywalizacji po drugim secie, jednak w trzecim nie wykorzysta\u0142a szansy na prowadzenie 5:3. Szwajcarka prze\u0142ama\u0142a j\u0105 przy stanie 5:4 i zako\u0144czy\u0142a spotkanie.<\/p>\n<p>Po meczu Bouchard zabra\u0142a g\u0142os na korcie:<\/p>\n<p>\u2013 Spr\u00f3buj\u0119 nie p\u0142aka\u0107&#8230; To wyj\u0105tkowe, \u017ce zagra\u0142am m\u00f3j ostatni mecz w\u0142a\u015bnie tutaj, w Montrealu, przed wami \u2013 powiedzia\u0142a wzruszona. Dzi\u0119kowa\u0142a rodzinie, kibicom i wszystkim, kt\u00f3rzy towarzyszyli jej w sportowej drodze. \u0141zy wzruszenia pojawi\u0142y si\u0119 jeszcze zanim sko\u0144czy\u0142a przem\u00f3wienie.<\/p>\n<p>W trakcie kariery Bouchard wygra\u0142a dwa turnieje WTA \u2013 singlowy w Norymberdze (2014) i deblowy w Auckland (2019). W 2023 roku by\u0142a r\u00f3wnie\u017c cz\u0119\u015bci\u0105 dru\u017cyny, kt\u00f3ra zdoby\u0142a dla Kanady Billie Jean King Cup.<\/p>\n<p>Turniej w Montrealu trwa dalej \u2013 Belinda Bencic w trzeciej rundzie zmierzy si\u0119 z Karolin\u0105 Muchov\u0105 (14. WTA).<\/p>\n<p style=\"text-align: right\"><em>Na podst. Tenis Klub<\/em><\/p>\n","protected":false},"excerpt":{"rendered":"<p>Eugenie Bouchard po\u017cegna\u0142a si\u0119 z zawodowym tenisem podczas turnieju WTA 1000 w Montrealu. By\u0142a finalistka Wimbledonu i dawniej okrzyczana jako \u201enowa Szarapowa\u201d zapowiedzia\u0142a wcze\u015bniej, \u017ce&hellip;<\/p>\n","protected":false},"author":3,"featured_media":2951,"comment_status":"open","ping_status":"open","sticky":false,"template":"","format":"standard","meta":{"footnotes":""},"categories":[12,18],"tags":[],"class_list":["post-2950","post","type-post","status-publish","format-standard","has-post-thumbnail","hentry","category-kanada","category-top-news"],"_links":{"self":[{"href":"https:\/\/radiopoloniawinnipeg.com\/index.php\/wp-json\/wp\/v2\/posts\/2950","targetHints":{"allow":["GET"]}}],"collection":[{"href":"https:\/\/radiopoloniawinnipeg.com\/index.php\/wp-json\/wp\/v2\/posts"}],"about":[{"href":"https:\/\/radiopoloniawinnipeg.com\/index.php\/wp-json\/wp\/v2\/types\/post"}],"author":[{"embeddable":true,"href":"https:\/\/radiopoloniawinnipeg.com\/index.php\/wp-json\/wp\/v2\/users\/3"}],"replies":[{"embeddable":true,"href":"https:\/\/radiopoloniawinnipeg.com\/index.php\/wp-json\/wp\/v2\/comments?post=2950"}],"version-history":[{"count":0,"href":"https:\/\/radiopoloniawinnipeg.com\/index.php\/wp-json\/wp\/v2\/posts\/2950\/revisions"}],"wp:featuredmedia":[{"embeddable":true,"href":"https:\/\/radiopoloniawinnipeg.com\/index.php\/wp-json\/wp\/v2\/media\/2951"}],"wp:attachment":[{"href":"https:\/\/radiopoloniawinnipeg.com\/index.php\/wp-json\/wp\/v2\/media?parent=2950"}],"wp:term":[{"taxonomy":"category","embeddable":true,"href":"https:\/\/radiopoloniawinnipeg.com\/index.php\/wp-json\/wp\/v2\/categories?post=2950"},{"taxonomy":"post_tag","embeddable":true,"href":"https:\/\/radiopoloniawinnipeg.com\/index.php\/wp-json\/wp\/v2\/tags?post=2950"}],"curies":[{"name":"wp","href":"https:\/\/api.w.org\/{rel}","templated":true}]}}