{"id":2964,"date":"2025-07-31T14:30:08","date_gmt":"2025-07-31T18:30:08","guid":{"rendered":"https:\/\/radiopoloniawinnipeg.com\/index.php\/2025\/07\/31\/trump-zapowiada-90-dni-rozmow-z-meksykiem-utrzymujac-25-procentowe-cla\/"},"modified":"2025-07-31T14:30:08","modified_gmt":"2025-07-31T18:30:08","slug":"trump-zapowiada-90-dni-rozmow-z-meksykiem-utrzymujac-25-procentowe-cla","status":"publish","type":"post","link":"https:\/\/radiopoloniawinnipeg.com\/index.php\/2025\/07\/31\/trump-zapowiada-90-dni-rozmow-z-meksykiem-utrzymujac-25-procentowe-cla\/","title":{"rendered":"Trump zapowiada 90 dni rozm\u00f3w z Meksykiem, utrzymuj\u0105c 25-procentowe c\u0142a"},"content":{"rendered":"<p>Stany Zjednoczone rozpoczynaj\u0105 90-dniowy okres negocjacyjny z Meksykiem w sprawie handlu, jednak obowi\u0105zuj\u0105ce 25-procentowe c\u0142a pozostaj\u0105 bez zmian. To element wi\u0119kszej inicjatywy gospodarczej zaplanowanej na czwartek, zanim prezydent Donald Trump wprowadzi szerokie globalne taryfy importowe ju\u017c w pi\u0105tek.<\/p>\n<p>Trump poinformowa\u0142 na platformie Truth Social, \u017ce jego rozmowa telefoniczna z meksyka\u0144sk\u0105 prezydent Claudi\u0105 Sheinbaum by\u0142a \u201ebardzo owocna\u201d, a relacje mi\u0119dzy nimi zaczynaj\u0105 si\u0119 zacie\u015bnia\u0107.<\/p>\n<p>W lipcu Trump zagrozi\u0142 wprowadzeniem 30-procentowych ce\u0142 na towary z Meksyku. Sheinbaum odpowiedzia\u0142a jednak, \u017ce jej kraj mo\u017ce op\u00f3\u017ani\u0107 ich wdro\u017cenie, daj\u0105c czas na negocjacje.<\/p>\n<p>\u201eUda\u0142o si\u0119 unikn\u0105\u0107 podwy\u017cki ce\u0142 planowanej na jutro. Mamy 90 dni na wypracowanie d\u0142ugoterminowego porozumienia poprzez rozmowy\u201d \u2013 napisa\u0142a Sheinbaum na platformie X.<\/p>\n<p>Telefoniczne rozmowy lider\u00f3w odby\u0142y si\u0119 w momencie rosn\u0105cej presji na gospodarki \u015bwiatowe. Wiele pa\u0144stw pr\u00f3buje sfinalizowa\u0107 nowe ramy wsp\u00f3\u0142pracy handlowej z USA, aby zapobiec ewentualnemu wzrostowi ce\u0142, kt\u00f3ry m\u00f3g\u0142by zachwia\u0107 rynkami i systemami politycznymi.<\/p>\n<p>W ostatnich dniach Trump osi\u0105gn\u0105\u0142 ju\u017c porozumienia z Kore\u0105 Po\u0142udniow\u0105, a wcze\u015bniej z Uni\u0105 Europejsk\u0105, Japoni\u0105, Indonezj\u0105 i Filipinami. Sekretarz handlu, Howard Lutnick, przekaza\u0142 w programie \u201eHannity\u201d w stacji Fox News, \u017ce uda\u0142o si\u0119 te\u017c zawrze\u0107 uk\u0142ady z Kambod\u017c\u0105 i Tajlandi\u0105 po tym, jak zgodzi\u0142y si\u0119 one na zawieszenie broni w konflikcie granicznym.<\/p>\n<p>Status niekt\u00f3rych pa\u0144stw, takich jak Szwajcaria czy Norwegia, nadal pozostaje niepewny. Norweski minister finans\u00f3w Jens Stoltenberg przyzna\u0142, \u017ce nie wiadomo, czy uda si\u0119 zako\u0144czy\u0107 negocjacje przed wyznaczonym terminem.<\/p>\n<p>Samo og\u0142oszenie umowy handlowej nie musi oznacza\u0107 natychmiastowych korzy\u015bci dla drugiej strony. W\u0142adze Unii Europejskiej czekaj\u0105 na sfinalizowanie kluczowego dokumentu okre\u015blaj\u0105cego zasady opodatkowania samochod\u00f3w i innych produkt\u00f3w importowanych z UE. Trump wspomnia\u0142 o tym porozumieniu podczas swojego pobytu w Szkocji w niedziel\u0119.<\/p>\n<p>\u201eStany Zjednoczone podj\u0119\u0142y pewne zobowi\u0105zania. Teraz to od nich zale\u017cy ich realizacja. Pi\u0142ka jest po ich stronie\u201d \u2013 powiedzia\u0142 Olof Gill, rzecznik Komisji Europejskiej. Dokument nie ma jednak mocy prawnej.<\/p>\n<p>W ramach ustale\u0144 z Meksykiem, Trump og\u0142osi\u0142, \u017ce dotychczasowe 25-procentowe taryfy na importowane towary nadal b\u0119d\u0105 obowi\u0105zywa\u0107. Wed\u0142ug niego maj\u0105 one zwi\u0105zek z nielegalnym przemytem fentanylu. Zapowiedzia\u0142 r\u00f3wnie\u017c, \u017ce pojazdy b\u0119d\u0105 nadal ob\u0142o\u017cone 25-procentow\u0105 stawk\u0105, natomiast mied\u017a, aluminium i stal b\u0119d\u0105 obj\u0119te 50-procentowym c\u0142em w trakcie negocjacji.<\/p>\n<p>Meksyk zobowi\u0105za\u0142 si\u0119 do likwidacji tzw. pozataryfowych barier handlowych, ale szczeg\u00f3\u0142y tych dzia\u0142a\u0144 nie zosta\u0142y ujawnione.<\/p>\n<p>Cz\u0119\u015b\u0107 produkt\u00f3w nadal podlega ochronie przed c\u0142ami zgodnie z zapisami porozumienia USMCA (umowy USA\u2013Meksyk\u2013Kanada) z 2020 roku, kt\u00f3re Trump wynegocjowa\u0142 w czasie pierwszej kadencji.<\/p>\n<p>Obecnie Trump wydaje si\u0119 coraz bardziej krytyczny wobec tej umowy, kt\u00f3ra ma zosta\u0107 poddana przegl\u0105dowi w przysz\u0142ym roku. Na pocz\u0105tku swojej drugiej prezydentury zacz\u0105\u0142 ponownie nak\u0142ada\u0107 c\u0142a na towary pochodz\u0105ce z Meksyku i Kanady.<\/p>\n<p>Wed\u0142ug danych Biura Spisu Ludno\u015bci USA, w ubieg\u0142ym roku deficyt handlowy USA wobec Meksyku wyni\u00f3s\u0142 171,5 miliarda dolar\u00f3w, co oznacza, \u017ce Amerykanie importowali znacznie wi\u0119cej towar\u00f3w, ni\u017c sami sprzedali. Dla por\u00f3wnania, w 2016 roku ta r\u00f3\u017cnica wynosi\u0142a 63,3 miliarda dolar\u00f3w.<\/p>\n<p>Poza walk\u0105 z handlem fentanylem, Trump stawia sobie r\u00f3wnie\u017c za cel zmniejszenie dysproporcji handlowych pomi\u0119dzy USA a innymi krajami.<\/p>\n","protected":false},"excerpt":{"rendered":"<p>Stany Zjednoczone rozpoczynaj\u0105 90-dniowy okres negocjacyjny z Meksykiem w sprawie handlu, jednak obowi\u0105zuj\u0105ce 25-procentowe c\u0142a pozostaj\u0105 bez zmian. To element wi\u0119kszej inicjatywy gospodarczej zaplanowanej na&hellip;<\/p>\n","protected":false},"author":3,"featured_media":2965,"comment_status":"open","ping_status":"open","sticky":false,"template":"","format":"standard","meta":{"footnotes":""},"categories":[15,18],"tags":[],"class_list":["post-2964","post","type-post","status-publish","format-standard","has-post-thumbnail","hentry","category-swiat","category-top-news"],"_links":{"self":[{"href":"https:\/\/radiopoloniawinnipeg.com\/index.php\/wp-json\/wp\/v2\/posts\/2964","targetHints":{"allow":["GET"]}}],"collection":[{"href":"https:\/\/radiopoloniawinnipeg.com\/index.php\/wp-json\/wp\/v2\/posts"}],"about":[{"href":"https:\/\/radiopoloniawinnipeg.com\/index.php\/wp-json\/wp\/v2\/types\/post"}],"author":[{"embeddable":true,"href":"https:\/\/radiopoloniawinnipeg.com\/index.php\/wp-json\/wp\/v2\/users\/3"}],"replies":[{"embeddable":true,"href":"https:\/\/radiopoloniawinnipeg.com\/index.php\/wp-json\/wp\/v2\/comments?post=2964"}],"version-history":[{"count":0,"href":"https:\/\/radiopoloniawinnipeg.com\/index.php\/wp-json\/wp\/v2\/posts\/2964\/revisions"}],"wp:featuredmedia":[{"embeddable":true,"href":"https:\/\/radiopoloniawinnipeg.com\/index.php\/wp-json\/wp\/v2\/media\/2965"}],"wp:attachment":[{"href":"https:\/\/radiopoloniawinnipeg.com\/index.php\/wp-json\/wp\/v2\/media?parent=2964"}],"wp:term":[{"taxonomy":"category","embeddable":true,"href":"https:\/\/radiopoloniawinnipeg.com\/index.php\/wp-json\/wp\/v2\/categories?post=2964"},{"taxonomy":"post_tag","embeddable":true,"href":"https:\/\/radiopoloniawinnipeg.com\/index.php\/wp-json\/wp\/v2\/tags?post=2964"}],"curies":[{"name":"wp","href":"https:\/\/api.w.org\/{rel}","templated":true}]}}