{"id":2966,"date":"2025-07-31T18:30:07","date_gmt":"2025-07-31T22:30:07","guid":{"rendered":"https:\/\/radiopoloniawinnipeg.com\/index.php\/2025\/07\/31\/bodnar-rozgoryczony-decyzja-premiera-zostal-przezuty-i-wypluty-przez-tuska\/"},"modified":"2025-07-31T18:30:07","modified_gmt":"2025-07-31T22:30:07","slug":"bodnar-rozgoryczony-decyzja-premiera-zostal-przezuty-i-wypluty-przez-tuska","status":"publish","type":"post","link":"https:\/\/radiopoloniawinnipeg.com\/index.php\/2025\/07\/31\/bodnar-rozgoryczony-decyzja-premiera-zostal-przezuty-i-wypluty-przez-tuska\/","title":{"rendered":"Bodnar rozgoryczony decyzj\u0105 premiera. \u201eZosta\u0142 prze\u017cuty i wypluty przez Tuska\u201d"},"content":{"rendered":"<p><strong><img decoding=\"async\" loading=\"lazy\" class=\"aligncenter size-custom-full-size wp-image-219282\" src=\"https:\/\/bejsment.com\/wp-content\/uploads\/2025\/07\/aabodnar-1-636x478.jpg\" alt=\"\" width=\"636\" height=\"478\" \/><\/strong><\/p>\n<p><strong>Adam Bodnar nie jest ju\u017c ministrem sprawiedliwo\u015bci. Cho\u0107 premier Donald Tusk podzi\u0119kowa\u0142 mu za \u201egigantyczne dzie\u0142o\u201d, wed\u0142ug relacji dziennikarskich by\u0142y minister jest rozczarowany decyzj\u0105 o dymisji.<\/strong><\/p>\n<p>Jak relacjonuje Renata Grochal z Newsweeka, ludzie z otoczenia Bodnara twierdz\u0105, \u017ce czuje si\u0119 on wykorzystany i porzucony. \u2013 Zosta\u0142 prze\u017cuty przez Tuska, a potem wypluty \u2013 m\u00f3wi anonimowy rozm\u00f3wca. Sam Bodnar mia\u0142 by\u0107 przekonany, \u017ce jego misja potrwa pe\u0142n\u0105 kadencj\u0119. Liczy\u0142 na \u201eumow\u0119 z Tuskiem na cztery lata\u201d.<\/p>\n<p>Dziennikarka przytacza anegdot\u0119, kt\u00f3ra ma \u015bwiadczy\u0107 o tym, \u017ce Bodnar nie odnajduje si\u0119 w bie\u017c\u0105cej grze politycznej. Podczas jednego z posiedze\u0144 rz\u0105du, gdy minister sportu S\u0142awomir Nitras krytykowa\u0142 absurdaln\u0105 grzywn\u0119 za ha\u0142as na Orliku w Pu\u0142awach, Bodnar \u2013 nieproszony \u2013 popar\u0142 argument starszego ma\u0142\u017ce\u0144stwa, kt\u00f3remu przeszkadza\u0142y odg\u0142osy gry. Premier, znany z zami\u0142owania do pi\u0142ki no\u017cnej, mia\u0142 by\u0107 tym komentarzem mocno zdziwiony.<\/p>\n<p>Bodnar \u2013 by\u0142y Rzecznik Praw Obywatelskich, szanowany prawnik i dzia\u0142acz spo\u0142eczny \u2013 od lat rozwa\u017ca\u0142 wej\u015bcie do polityki. Pojawia\u0142y si\u0119 nawet sugestie, \u017ce mo\u017ce my\u015ble\u0107 o kandydowaniu na prezydenta. Mimo to, w momencie dymisji nie mia\u0142 za sob\u0105 \u017cadnego partyjnego zaplecza. Co istotne, jego odwo\u0142anie nie wymaga\u0142o konsultacji z koalicjantami.<\/p>\n<p>Na razie Adam Bodnar pozostaje senatorem, ale nie wiadomo, czy zdecyduje si\u0119 kontynuowa\u0107 dzia\u0142alno\u015b\u0107 polityczn\u0105.<\/p>\n<p>Podczas oficjalnego po\u017cegnania Donald Tusk nie szcz\u0119dzi\u0142 mu s\u0142\u00f3w uznania: \u2013 Podj\u0105\u0142 si\u0119 najtrudniejszego zadania: przywracania praworz\u0105dno\u015bci. Wykona\u0142 gigantyczne dzie\u0142o. To by\u0142 zaszczyt pracowa\u0107 z ministrem Adamem Bodnarem \u2013 powiedzia\u0142 premier.<\/p>\n<p style=\"text-align: right\"><em>Na podst. Newsweek<\/em><\/p>\n","protected":false},"excerpt":{"rendered":"<p>Adam Bodnar nie jest ju\u017c ministrem sprawiedliwo\u015bci. Cho\u0107 premier Donald Tusk podzi\u0119kowa\u0142 mu za \u201egigantyczne dzie\u0142o\u201d, wed\u0142ug relacji dziennikarskich by\u0142y minister jest rozczarowany decyzj\u0105 o&hellip;<\/p>\n","protected":false},"author":3,"featured_media":2967,"comment_status":"open","ping_status":"open","sticky":false,"template":"","format":"standard","meta":{"footnotes":""},"categories":[14,18],"tags":[],"class_list":["post-2966","post","type-post","status-publish","format-standard","has-post-thumbnail","hentry","category-polska","category-top-news"],"_links":{"self":[{"href":"https:\/\/radiopoloniawinnipeg.com\/index.php\/wp-json\/wp\/v2\/posts\/2966","targetHints":{"allow":["GET"]}}],"collection":[{"href":"https:\/\/radiopoloniawinnipeg.com\/index.php\/wp-json\/wp\/v2\/posts"}],"about":[{"href":"https:\/\/radiopoloniawinnipeg.com\/index.php\/wp-json\/wp\/v2\/types\/post"}],"author":[{"embeddable":true,"href":"https:\/\/radiopoloniawinnipeg.com\/index.php\/wp-json\/wp\/v2\/users\/3"}],"replies":[{"embeddable":true,"href":"https:\/\/radiopoloniawinnipeg.com\/index.php\/wp-json\/wp\/v2\/comments?post=2966"}],"version-history":[{"count":0,"href":"https:\/\/radiopoloniawinnipeg.com\/index.php\/wp-json\/wp\/v2\/posts\/2966\/revisions"}],"wp:featuredmedia":[{"embeddable":true,"href":"https:\/\/radiopoloniawinnipeg.com\/index.php\/wp-json\/wp\/v2\/media\/2967"}],"wp:attachment":[{"href":"https:\/\/radiopoloniawinnipeg.com\/index.php\/wp-json\/wp\/v2\/media?parent=2966"}],"wp:term":[{"taxonomy":"category","embeddable":true,"href":"https:\/\/radiopoloniawinnipeg.com\/index.php\/wp-json\/wp\/v2\/categories?post=2966"},{"taxonomy":"post_tag","embeddable":true,"href":"https:\/\/radiopoloniawinnipeg.com\/index.php\/wp-json\/wp\/v2\/tags?post=2966"}],"curies":[{"name":"wp","href":"https:\/\/api.w.org\/{rel}","templated":true}]}}