{"id":2968,"date":"2025-07-31T20:00:07","date_gmt":"2025-08-01T00:00:07","guid":{"rendered":"https:\/\/radiopoloniawinnipeg.com\/index.php\/2025\/07\/31\/trump-spelnil-grozbe-zwieksza-cla-na-kanade-do-35\/"},"modified":"2025-07-31T20:00:07","modified_gmt":"2025-08-01T00:00:07","slug":"trump-spelnil-grozbe-zwieksza-cla-na-kanade-do-35","status":"publish","type":"post","link":"https:\/\/radiopoloniawinnipeg.com\/index.php\/2025\/07\/31\/trump-spelnil-grozbe-zwieksza-cla-na-kanade-do-35\/","title":{"rendered":"Trump spe\u0142ni\u0142 gro\u017ab\u0119 &#8211;  zwi\u0119ksza c\u0142a na Kanad\u0119 do 35%"},"content":{"rendered":"<p><a href=\"https:\/\/bejsment.com\/wp-content\/uploads\/2025\/07\/trrrr35.jpg\"><img decoding=\"async\" loading=\"lazy\" class=\"aligncenter size-custom-full-size wp-image-219326\" src=\"https:\/\/bejsment.com\/wp-content\/uploads\/2025\/07\/trrrr35-636x358.jpg\" alt=\"\" width=\"636\" height=\"358\" \/><\/a>Prezydent Stan\u00f3w Zjednoczonych Donald Trump zatwierdzi\u0142 nowe rozporz\u0105dzenie wykonawcze, kt\u00f3re podnosi stawki celne na kanadyjskie towary do poziomu 35%. Jak poinformowa\u0142 Bia\u0142y Dom w czwartkowym komunikacie, nowa taryfa zacznie obowi\u0105zywa\u0107 od pi\u0105tku, zast\u0119puj\u0105c dotychczasow\u0105 stawk\u0119 25%, ustalon\u0105 w marcu.<\/p>\n<p>W o\u015bwiadczeniu podkre\u015blono, \u017ce Kanada nie wsp\u00f3\u0142pracowa\u0142a w kwestii ograniczenia przemytu fentanylu i innych zakazanych substancji, a zamiast tego odpowiedzia\u0142a represjami na dzia\u0142ania administracji Trumpa, podj\u0119te \u2013 jak to okre\u015blono \u2013 w odpowiedzi na &#8220;nadzwyczajne zagro\u017cenie&#8221;.<\/p>\n<p>Wy\u017csze c\u0142a b\u0119d\u0105 jednak dotyczy\u0107 wy\u0142\u0105cznie tych kanadyjskich produkt\u00f3w, kt\u00f3re nie spe\u0142niaj\u0105 warunk\u00f3w umowy handlowej zawartej mi\u0119dzy Kanad\u0105, USA i Meksykiem. Oznacza to, \u017ce wi\u0119kszo\u015b\u0107 towar\u00f3w eksportowanych z Kanady wci\u0105\u017c b\u0119dzie mog\u0142a trafia\u0107 na ameryka\u0144ski rynek bez dodatkowych op\u0142at.<\/p>\n<p>Wcze\u015bniej w czwartek Trump poinformowa\u0142, \u017ce nie odby\u0142 rozmowy z premierem Kanady Markiem Carneyem, mimo \u017ce termin wprowadzenia wy\u017cszych taryf zbli\u017ca\u0142 si\u0119 nieuchronnie. Podczas popo\u0142udniowej konferencji prasowej w Bia\u0142ym Domu prezydent zosta\u0142 zapytany, czy kanadyjska zapowied\u017a uznania niepodleg\u0142o\u015bci Palestyny mo\u017ce utrudni\u0107 relacje handlowe.<\/p>\n<p>\u201eNie podoba mi si\u0119 to stanowisko, ale ka\u017cdy ma prawo do swojej opinii\u201d \u2013 odpowiedzia\u0142 Trump. \u201eTo nie jest decyduj\u0105cy czynnik. Dzi\u015b nie rozmawia\u0142em z Kanad\u0105, ale premier pr\u00f3bowa\u0142 si\u0119 kontaktowa\u0107 \u2013 zobaczymy, co z tego wyniknie\u201d.<\/p>\n<p>Zesp\u00f3\u0142 kanadyjskich negocjator\u00f3w przebywa obecnie w Waszyngtonie, ale nie ujawniono, czy planuj\u0105 spotkania z przedstawicielami administracji USA.<\/p>\n<p>Z wypowiedzi Trumpa wynika, \u017ce negocjacje z Kanad\u0105 utkn\u0119\u0142y w martwym punkcie, a brak porozumienia oznacza, \u017ce taryfy zostan\u0105 podniesione zgodnie z planem.<\/p>\n<p>Tego samego dnia prezydent og\u0142osi\u0142 r\u00f3wnie\u017c przed\u0142u\u017cenie o 90 dni obowi\u0105zuj\u0105cych ju\u017c taryf wobec Meksyku, kt\u00f3rego r\u00f3wnie\u017c dotyczy\u0142a gro\u017aba wprowadzenia nowych ce\u0142.<\/p>\n<p>Premier Carney oraz inni kanadyjscy urz\u0119dnicy od ponad tygodnia bagatelizowali szanse na porozumienie przed ko\u0144cem terminu, wskazuj\u0105c jednocze\u015bnie, \u017ce nie ma potrzeby po\u015bpiechu \u2013 z uwagi na fakt, \u017ce oko\u0142o 90% kanadyjskiego eksportu jest zwolnione z op\u0142at celnych.<\/p>\n<p>David Paterson, reprezentant prowincji Ontario w stolicy USA, powiedzia\u0142 w rozmowie z prowadz\u0105cym program <em>Power and Politics<\/em> Davidem Commonem z CBC, \u017ce Kanadyjczycy nie powinni reagowa\u0107 przesadnie na brak zawarcia umowy w tej chwili.<\/p>\n<p>\u201eJutro zn\u00f3w wzejdzie s\u0142o\u0144ce, a my b\u0119dziemy dzia\u0142a\u0107 dalej\u201d \u2013 stwierdzi\u0142 Paterson, przemawiaj\u0105c z kanadyjskiej ambasady w Waszyngtonie. Doda\u0142 te\u017c: \u201eW pe\u0142ni popieramy postaw\u0119 naszego premiera. Kiedy pojawi si\u0119 w\u0142a\u015bciwy moment na podpisanie porozumienia \u2013 do niego dojdzie\u201d.<\/p>\n<p>Trump skierowa\u0142 podobne ultimatum z dat\u0105 graniczn\u0105 1 sierpnia do 17 kluczowych partner\u00f3w handlowych na \u015bwiecie, m.in. do Kanady, Meksyku, Unii Europejskiej, Japonii i Tajwanu. Ka\u017cde z wezwa\u0144 zawiera\u0142o ostrze\u017cenie o mo\u017cliwym wprowadzeniu ce\u0142 w wysoko\u015bci 30%.<\/p>\n<p>W ubieg\u0142ym tygodniu Trump og\u0142osi\u0142 zawarcie porozumie\u0144 z UE i Japoni\u0105, zak\u0142adaj\u0105cych c\u0142a na poziomie 15%, a tak\u017ce zobowi\u0105zania dotycz\u0105ce inwestycji w USA, opiewaj\u0105ce na setki miliard\u00f3w dolar\u00f3w.<\/p>\n<p>Niezale\u017cnie od tego prezydent na\u0142o\u017cy\u0142 50-procentowe c\u0142a na stal i aluminium importowane z ca\u0142ego \u015bwiata. Kanada jest jednym z g\u0142\u00f3wnych dostawc\u00f3w tych surowc\u00f3w do Stan\u00f3w Zjednoczonych.<\/p>\n","protected":false},"excerpt":{"rendered":"<p>Prezydent Stan\u00f3w Zjednoczonych Donald Trump zatwierdzi\u0142 nowe rozporz\u0105dzenie wykonawcze, kt\u00f3re podnosi stawki celne na kanadyjskie towary do poziomu 35%. Jak poinformowa\u0142 Bia\u0142y Dom w czwartkowym&hellip;<\/p>\n","protected":false},"author":3,"featured_media":2969,"comment_status":"open","ping_status":"open","sticky":false,"template":"","format":"standard","meta":{"footnotes":""},"categories":[12,18],"tags":[],"class_list":["post-2968","post","type-post","status-publish","format-standard","has-post-thumbnail","hentry","category-kanada","category-top-news"],"_links":{"self":[{"href":"https:\/\/radiopoloniawinnipeg.com\/index.php\/wp-json\/wp\/v2\/posts\/2968","targetHints":{"allow":["GET"]}}],"collection":[{"href":"https:\/\/radiopoloniawinnipeg.com\/index.php\/wp-json\/wp\/v2\/posts"}],"about":[{"href":"https:\/\/radiopoloniawinnipeg.com\/index.php\/wp-json\/wp\/v2\/types\/post"}],"author":[{"embeddable":true,"href":"https:\/\/radiopoloniawinnipeg.com\/index.php\/wp-json\/wp\/v2\/users\/3"}],"replies":[{"embeddable":true,"href":"https:\/\/radiopoloniawinnipeg.com\/index.php\/wp-json\/wp\/v2\/comments?post=2968"}],"version-history":[{"count":0,"href":"https:\/\/radiopoloniawinnipeg.com\/index.php\/wp-json\/wp\/v2\/posts\/2968\/revisions"}],"wp:featuredmedia":[{"embeddable":true,"href":"https:\/\/radiopoloniawinnipeg.com\/index.php\/wp-json\/wp\/v2\/media\/2969"}],"wp:attachment":[{"href":"https:\/\/radiopoloniawinnipeg.com\/index.php\/wp-json\/wp\/v2\/media?parent=2968"}],"wp:term":[{"taxonomy":"category","embeddable":true,"href":"https:\/\/radiopoloniawinnipeg.com\/index.php\/wp-json\/wp\/v2\/categories?post=2968"},{"taxonomy":"post_tag","embeddable":true,"href":"https:\/\/radiopoloniawinnipeg.com\/index.php\/wp-json\/wp\/v2\/tags?post=2968"}],"curies":[{"name":"wp","href":"https:\/\/api.w.org\/{rel}","templated":true}]}}