{"id":2980,"date":"2025-08-01T17:15:04","date_gmt":"2025-08-01T21:15:04","guid":{"rendered":"https:\/\/radiopoloniawinnipeg.com\/index.php\/2025\/08\/01\/wiezienie-zamiast-kaucji-ostry-spor-wciaz-nierozstrzygniety\/"},"modified":"2025-08-01T17:15:04","modified_gmt":"2025-08-01T21:15:04","slug":"wiezienie-zamiast-kaucji-ostry-spor-wciaz-nierozstrzygniety","status":"publish","type":"post","link":"https:\/\/radiopoloniawinnipeg.com\/index.php\/2025\/08\/01\/wiezienie-zamiast-kaucji-ostry-spor-wciaz-nierozstrzygniety\/","title":{"rendered":"Wi\u0119zienie zamiast kaucji? Ostry sp\u00f3r wci\u0105\u017c nierozstrzygni\u0119ty"},"content":{"rendered":"<div id=\"attachment_219189\" style=\"width: 646px\" class=\"wp-caption aligncenter\"><img decoding=\"async\" loading=\"lazy\" aria-describedby=\"caption-attachment-219189\" class=\"size-custom-full-size wp-image-219189\" src=\"https:\/\/bejsment.com\/wp-content\/uploads\/2025\/07\/aafraser-636x424.jpg\" alt=\"\" width=\"636\" height=\"424\" \/><\/p>\n<p id=\"caption-attachment-219189\" class=\"wp-caption-text\">Minister Sprawiedliwo\u015bci Sean Fraser<\/p>\n<\/div>\n<p><strong>Jesieni\u0105 rz\u0105d federalny ma przedstawi\u0107 projekt nowej reformy systemu kaucji. Ju\u017c teraz ro\u015bnie presja ze strony premier\u00f3w prowincji, kt\u00f3rzy domagaj\u0105 si\u0119 zaostrzenia przepis\u00f3w. <\/strong><\/p>\n<p>Tymczasem organizacje praw cz\u0142owieka i eksperci przestrzegaj\u0105 przed naruszaniem podstawowych wolno\u015bci obywatelskich.<\/p>\n<h3><strong>Co planuje Ottawa?<\/strong><\/h3>\n<p>W kampanii przed wyborami federalnymi Libera\u0142owie zapowiedzieli zmiany w przepisach dotycz\u0105cych kaucji. Chc\u0105 wprowadzenia tzw. <em>odwr\u00f3conego ci\u0119\u017caru dowodu<\/em> dla niekt\u00f3rych przest\u0119pstw, co oznacza, \u017ce to oskar\u017cony, a nie prokurator, musia\u0142by wykaza\u0107, \u017ce zas\u0142uguje na zwolnienie z aresztu. Obecnie mechanizm ten stosowany jest przy najpowa\u017cniejszych przest\u0119pstwach, jak morderstwo. Planowane rozszerzenie ma obj\u0105\u0107 m.in. brutalne kradzie\u017ce samochod\u00f3w, w\u0142amania, przest\u0119pstwa zwi\u0105zane z handlem lud\u017ami oraz dzia\u0142aniem na rzecz zorganizowanej przest\u0119pczo\u015bci.<\/p>\n<p>Minister sprawiedliwo\u015bci Sean Fraser zapowiada projekt ustawy na jesie\u0144. Szczeg\u00f3\u0142y nie s\u0105 jeszcze znane, ale jak podkre\u015bla, <em>\u201eco najmniej\u201d<\/em> zostan\u0105 wdro\u017cone propozycje z programu wyborczego libera\u0142\u00f3w.<\/p>\n<h3><strong>Reforma ju\u017c by\u0142a. Co si\u0119 zmieni\u0142o?<\/strong><\/h3>\n<p>W 2023 roku rz\u0105d federalny wprowadzi\u0142 zmiany zaostrzaj\u0105ce przepisy dotycz\u0105ce kaucji w przypadku przest\u0119pstw z u\u017cyciem broni palnej i przemocy domowej. By\u0142a to odpowied\u017a na apel premier\u00f3w i \u015brodowisk policyjnych po serii g\u0142o\u015bnych przypadk\u00f3w, w tym \u015bmierci funkcjonariusza policji Grega Pierzchali.<\/p>\n<p>Jednak w 2024 roku stowarzyszenia policyjne z Ontario ponownie zaapelowa\u0142y o kolejne reformy. Twierdz\u0105, \u017ce zbyt wiele os\u00f3b wychodzi na wolno\u015b\u0107 za kaucj\u0105, by po kr\u00f3tkim czasie zn\u00f3w dopu\u015bci\u0107 si\u0119 przest\u0119pstwa. Domagaj\u0105 si\u0119, by sprawcy przest\u0119pstw z u\u017cyciem przemocy i recydywi\u015bci mogli by\u0107 zwalniani tylko w wyj\u0105tkowych sytuacjach.<\/p>\n<h3><strong>G\u0142os premier\u00f3w<\/strong><\/h3>\n<p>Premier Ontario Doug Ford w trakcie niedawnego spotkania premier\u00f3w w Huntsville powiedzia\u0142, \u017ce <em>\u201espo\u0142ecze\u0144stwo oczekuje prawdziwej reformy, kt\u00f3ra powstrzyma przest\u0119pc\u00f3w przed wychodzeniem na wolno\u015b\u0107\u201d<\/em>. Zapowiedzia\u0142, \u017ce premierzy b\u0119d\u0105 rozlicza\u0107 rz\u0105d federalny z realizacji tych obietnic.<\/p>\n<p>\u2013 Kto\u015b, kto ju\u017c pi\u0119\u0107 razy by\u0142 na zwolnieniu za kaucj\u0105, nie powinien wychodzi\u0107 na wolno\u015b\u0107 po kolejnym w\u0142amaniu i gro\u017ceniu komu\u015b broni\u0105 \u2013 m\u00f3wi\u0142 Ford.<\/p>\n<h3><strong>Krytyka i g\u0142osy sprzeciwu<\/strong><\/h3>\n<p>Eksperci i organizacje obywatelskie wyra\u017caj\u0105 g\u0142\u0119bokie zaniepokojenie planowanymi zmianami. Shakir Rahim z Kanadyjskiego Stowarzyszenia Swob\u00f3d Obywatelskich przypomina, \u017ce 70% os\u00f3b w aresztach \u015bledczych czeka na proces, cho\u0107 w latach 80. odsetek ten wynosi\u0142 jedynie 20%.<\/p>\n<p>\u2013 Zbyt cz\u0119sto osoby zatrzymywane traktowane s\u0105 jak winne, cho\u0107 po\u0142owa spraw w Kanadzie nie ko\u0144czy si\u0119 wyrokiem skazuj\u0105cym \u2013 podkre\u015bla Rahim.<\/p>\n<p>Eksperci ostrzegaj\u0105, \u017ce zaostrzenie przepis\u00f3w mo\u017ce prowadzi\u0107 do przetrzymywania niewinnych ludzi w z\u0142ych warunkach \u2013 bez opieki medycznej, w zamkni\u0119ciu przez 23 godziny na dob\u0119. Zdarza si\u0119, \u017ce osoby decyduj\u0105 si\u0119 na przyznanie do winy tylko po to, by szybciej opu\u015bci\u0107 areszt.<\/p>\n<p>Catherine Latimer z John Howard Society ostrzega przed dalsz\u0105 rozbudow\u0105 systemu <em>odwr\u00f3conego ci\u0119\u017caru dowodu<\/em>. Jej zdaniem, rz\u0105d nawet nie przeanalizowa\u0142 dot\u0105d, czy zmiany z 2023 roku przynios\u0142y oczekiwane rezultaty.<\/p>\n<p>\u2013 Wysoki wska\u017anik tymczasowego aresztowania to sygna\u0142, \u017ce system jest powa\u017cnie wadliwy \u2013 m\u00f3wi Latimer.<\/p>\n<p>Eksperci apeluj\u0105 r\u00f3wnie\u017c o gromadzenie rzetelnych danych na temat kaucji i ich skutk\u00f3w. Jak m\u00f3wi Rahim:<\/p>\n<p>&#8211; Nie wiemy, ilu oskar\u017conych pope\u0142nia przest\u0119pstwo po wyj\u015bciu za kaucj\u0105, ani ilu z nich ostatecznie zostaje uniewinnionych.<\/p>\n<h3><strong>Polityczna bro\u0144<\/strong><\/h3>\n<p>Reforma kaucji od dawna stanowi element kampanii Partii Konserwatywnej. Jej lider Pierre Poilievre zapowiada\u0142 polityk\u0119 \u201ewi\u0119zienie zamiast kaucji\u201d i atakowa\u0142 libera\u0142\u00f3w za rzekome \u201ez\u0142ap i wypu\u015b\u0107\u201d. Eksperci twierdz\u0105 jednak, \u017ce to no\u015bny, lecz uproszczony przekaz, kt\u00f3ry ignoruje z\u0142o\u017cono\u015b\u0107 systemu i mo\u017ce prowadzi\u0107 do niesprawiedliwo\u015bci.<\/p>\n<p style=\"text-align: right\"><em>Na podst. Canadian Press<\/em><\/p>\n","protected":false},"excerpt":{"rendered":"<p>Minister Sprawiedliwo\u015bci Sean Fraser Jesieni\u0105 rz\u0105d federalny ma przedstawi\u0107 projekt nowej reformy systemu kaucji. Ju\u017c teraz ro\u015bnie presja ze strony premier\u00f3w prowincji, kt\u00f3rzy domagaj\u0105 si\u0119&hellip;<\/p>\n","protected":false},"author":3,"featured_media":2981,"comment_status":"open","ping_status":"open","sticky":false,"template":"","format":"standard","meta":{"footnotes":""},"categories":[12,18],"tags":[],"class_list":["post-2980","post","type-post","status-publish","format-standard","has-post-thumbnail","hentry","category-kanada","category-top-news"],"_links":{"self":[{"href":"https:\/\/radiopoloniawinnipeg.com\/index.php\/wp-json\/wp\/v2\/posts\/2980","targetHints":{"allow":["GET"]}}],"collection":[{"href":"https:\/\/radiopoloniawinnipeg.com\/index.php\/wp-json\/wp\/v2\/posts"}],"about":[{"href":"https:\/\/radiopoloniawinnipeg.com\/index.php\/wp-json\/wp\/v2\/types\/post"}],"author":[{"embeddable":true,"href":"https:\/\/radiopoloniawinnipeg.com\/index.php\/wp-json\/wp\/v2\/users\/3"}],"replies":[{"embeddable":true,"href":"https:\/\/radiopoloniawinnipeg.com\/index.php\/wp-json\/wp\/v2\/comments?post=2980"}],"version-history":[{"count":0,"href":"https:\/\/radiopoloniawinnipeg.com\/index.php\/wp-json\/wp\/v2\/posts\/2980\/revisions"}],"wp:featuredmedia":[{"embeddable":true,"href":"https:\/\/radiopoloniawinnipeg.com\/index.php\/wp-json\/wp\/v2\/media\/2981"}],"wp:attachment":[{"href":"https:\/\/radiopoloniawinnipeg.com\/index.php\/wp-json\/wp\/v2\/media?parent=2980"}],"wp:term":[{"taxonomy":"category","embeddable":true,"href":"https:\/\/radiopoloniawinnipeg.com\/index.php\/wp-json\/wp\/v2\/categories?post=2980"},{"taxonomy":"post_tag","embeddable":true,"href":"https:\/\/radiopoloniawinnipeg.com\/index.php\/wp-json\/wp\/v2\/tags?post=2980"}],"curies":[{"name":"wp","href":"https:\/\/api.w.org\/{rel}","templated":true}]}}