{"id":2984,"date":"2025-08-01T19:30:03","date_gmt":"2025-08-01T23:30:03","guid":{"rendered":"https:\/\/radiopoloniawinnipeg.com\/index.php\/2025\/08\/01\/kanada-i-sojusznicy-nato-potepiaja-dzialania-iranskiego-wywiadu\/"},"modified":"2025-08-01T19:30:03","modified_gmt":"2025-08-01T23:30:03","slug":"kanada-i-sojusznicy-nato-potepiaja-dzialania-iranskiego-wywiadu","status":"publish","type":"post","link":"https:\/\/radiopoloniawinnipeg.com\/index.php\/2025\/08\/01\/kanada-i-sojusznicy-nato-potepiaja-dzialania-iranskiego-wywiadu\/","title":{"rendered":"Kanada i sojusznicy NATO pot\u0119piaj\u0105 dzia\u0142ania ira\u0144skiego wywiadu"},"content":{"rendered":"<div id=\"attachment_219346\" style=\"width: 646px\" class=\"wp-caption aligncenter\"><img decoding=\"async\" loading=\"lazy\" aria-describedby=\"caption-attachment-219346\" class=\"size-custom-full-size wp-image-219346\" src=\"https:\/\/bejsment.com\/wp-content\/uploads\/2025\/08\/aakannato-636x424.jpg\" alt=\"\" width=\"636\" height=\"424\" \/><\/p>\n<p id=\"caption-attachment-219346\" class=\"wp-caption-text\">Premier Mark Carney wraz z minister spraw zagranicznych Anit\u0105 Anand (po lewej) i ministrem obrony narodowej Davidem McGuintym na konferencji prasowej zamykaj\u0105cej szczyt NATO w Hadze w Holandii.<\/p>\n<\/div>\n<p><strong>Kanada wraz z kilkunastoma sojusznikami z NATO wyda\u0142a w czwartek wsp\u00f3lne o\u015bwiadczenie, w kt\u00f3rym pot\u0119pia \u201erosn\u0105c\u0105 liczb\u0119\u201d gr\u00f3\u017ab ze strony ira\u0144skich s\u0142u\u017cb wywiadowczych.<\/strong><\/p>\n<p>W dokumencie podkre\u015blono, \u017ce kraje te stanowczo sprzeciwiaj\u0105 si\u0119 pr\u00f3bom \u201ezabijania, porywania i n\u0119kania\u201d os\u00f3b przebywaj\u0105cych w Ameryce P\u00f3\u0142nocnej i Europie. Pod o\u015bwiadczeniem podpisa\u0142y si\u0119 tak\u017ce rz\u0105dy Albanii, Austrii, Belgii, Czech, Danii, Finlandii, Francji, Niemiec, Hiszpanii, Holandii, Szwecji, Wielkiej Brytanii i Stan\u00f3w Zjednoczonych.<\/p>\n<p>\u201eIra\u0144skie s\u0142u\u017cby wywiadowcze coraz cz\u0119\u015bciej wsp\u00f3\u0142pracuj\u0105 z mi\u0119dzynarodowymi organizacjami przest\u0119pczymi, aby \u015bciga\u0107 dziennikarzy, dysydent\u00f3w, obywateli \u017cydowskich oraz obecnych i by\u0142ych urz\u0119dnik\u00f3w pa\u0144stwowych\u201d \u2013 stwierdzono w komunikacie. Wezwano r\u00f3wnie\u017c w\u0142adze Iranu do \u201enatychmiastowego\u201d zako\u0144czenia nielegalnych dzia\u0142a\u0144, kt\u00f3re \u2013 jak podkre\u015blono \u2013 naruszaj\u0105 suwerenno\u015b\u0107 innych pa\u0144stw.<\/p>\n<p>W o\u015bwiadczeniu nie podano konkretnych incydent\u00f3w, jednak Ottawa od dawna utrzymuje twarde stanowisko wobec Teheranu. W 2022 roku kanadyjski rz\u0105d og\u0142osi\u0142 zakaz wjazdu dla ira\u0144skich przyw\u00f3dc\u00f3w i wysokich rang\u0105 urz\u0119dnik\u00f3w odpowiedzialnych za terroryzm i \u0142amanie praw cz\u0142owieka.<\/p>\n<p>Jak poda\u0142a Kanadyjska Agencja S\u0142u\u017cb Granicznych, w ostatnich latach trzy osoby uznane za blisko zwi\u0105zane z ira\u0144skim re\u017cimem otrzyma\u0142y zakaz pobytu w Kanadzie, a jedna z nich zosta\u0142a ju\u017c deportowana. Agencja zapewnia, \u017ce wsp\u00f3\u0142pracuje z krajowymi i mi\u0119dzynarodowymi partnerami w zakresie ochrony granic i bezpiecze\u0144stwa narodowego.<\/p>\n<p>Kanada nie utrzymuje stosunk\u00f3w dyplomatycznych z Iranem od 2012 roku. Obecne napi\u0119cia na Bliskim Wschodzie sprawi\u0142y, \u017ce dzia\u0142ania ira\u0144skich przedstawicieli w Kanadzie znalaz\u0142y si\u0119 pod szczeg\u00f3ln\u0105 obserwacj\u0105. Canadian Press zwr\u00f3ci\u0142a si\u0119 do Global Affairs Canada o komentarz w tej sprawie, ale odpowied\u017a nie nadesz\u0142a.<\/p>\n<p style=\"text-align: right\"><em>Na podst. Canadian Press<\/em><\/p>\n","protected":false},"excerpt":{"rendered":"<p>Premier Mark Carney wraz z minister spraw zagranicznych Anit\u0105 Anand (po lewej) i ministrem obrony narodowej Davidem McGuintym na konferencji prasowej zamykaj\u0105cej szczyt NATO w&hellip;<\/p>\n","protected":false},"author":3,"featured_media":2985,"comment_status":"open","ping_status":"open","sticky":false,"template":"","format":"standard","meta":{"footnotes":""},"categories":[12,18],"tags":[],"class_list":["post-2984","post","type-post","status-publish","format-standard","has-post-thumbnail","hentry","category-kanada","category-top-news"],"_links":{"self":[{"href":"https:\/\/radiopoloniawinnipeg.com\/index.php\/wp-json\/wp\/v2\/posts\/2984","targetHints":{"allow":["GET"]}}],"collection":[{"href":"https:\/\/radiopoloniawinnipeg.com\/index.php\/wp-json\/wp\/v2\/posts"}],"about":[{"href":"https:\/\/radiopoloniawinnipeg.com\/index.php\/wp-json\/wp\/v2\/types\/post"}],"author":[{"embeddable":true,"href":"https:\/\/radiopoloniawinnipeg.com\/index.php\/wp-json\/wp\/v2\/users\/3"}],"replies":[{"embeddable":true,"href":"https:\/\/radiopoloniawinnipeg.com\/index.php\/wp-json\/wp\/v2\/comments?post=2984"}],"version-history":[{"count":0,"href":"https:\/\/radiopoloniawinnipeg.com\/index.php\/wp-json\/wp\/v2\/posts\/2984\/revisions"}],"wp:featuredmedia":[{"embeddable":true,"href":"https:\/\/radiopoloniawinnipeg.com\/index.php\/wp-json\/wp\/v2\/media\/2985"}],"wp:attachment":[{"href":"https:\/\/radiopoloniawinnipeg.com\/index.php\/wp-json\/wp\/v2\/media?parent=2984"}],"wp:term":[{"taxonomy":"category","embeddable":true,"href":"https:\/\/radiopoloniawinnipeg.com\/index.php\/wp-json\/wp\/v2\/categories?post=2984"},{"taxonomy":"post_tag","embeddable":true,"href":"https:\/\/radiopoloniawinnipeg.com\/index.php\/wp-json\/wp\/v2\/tags?post=2984"}],"curies":[{"name":"wp","href":"https:\/\/api.w.org\/{rel}","templated":true}]}}