{"id":2990,"date":"2025-08-02T10:30:07","date_gmt":"2025-08-02T14:30:07","guid":{"rendered":"https:\/\/radiopoloniawinnipeg.com\/index.php\/2025\/08\/02\/kolejny-atak-na-policjantow-napastnik-zostal-postrzelony\/"},"modified":"2025-08-02T10:30:07","modified_gmt":"2025-08-02T14:30:07","slug":"kolejny-atak-na-policjantow-napastnik-zostal-postrzelony","status":"publish","type":"post","link":"https:\/\/radiopoloniawinnipeg.com\/index.php\/2025\/08\/02\/kolejny-atak-na-policjantow-napastnik-zostal-postrzelony\/","title":{"rendered":"Kolejny atak na policjant\u00f3w. Napastnik zosta\u0142 postrzelony"},"content":{"rendered":"<p><img decoding=\"async\" loading=\"lazy\" class=\"aligncenter size-custom-full-size wp-image-219454\" src=\"https:\/\/bejsment.com\/wp-content\/uploads\/2025\/08\/aapolicja3-636x425.jpg\" alt=\"\" width=\"636\" height=\"425\" \/><\/p>\n<p><strong>W ci\u0105gu ostatnich dni dosz\u0142o w Polsce do dw\u00f3ch niebezpiecznych incydent\u00f3w, podczas kt\u00f3rych funkcjonariusze policji zmuszeni byli u\u017cy\u0107 broni palnej wobec agresywnych napastnik\u00f3w. W jednym z przypadk\u00f3w interwencja zako\u0144czy\u0142a si\u0119 tragicznie.<\/strong><\/p>\n<p>Do pierwszego zdarzenia dosz\u0142o w sobot\u0119 oko\u0142o godziny 15:30 w powiecie j\u0119drzejowskim (woj. \u015bwi\u0119tokrzyskie). Policjanci interweniowali wobec 36-letniego m\u0119\u017cczyzny uzbrojonego w metalow\u0105 pa\u0142k\u0119. Gdy napastnik ruszy\u0142 w ich stron\u0119, funkcjonariusze oddali strza\u0142 ostrzegawczy. Kiedy ten nie przyni\u00f3s\u0142 skutku, u\u017cyto broni palnej. M\u0119\u017cczyzna zosta\u0142 postrzelony i trafi\u0142 do szpitala. \u017baden z policjant\u00f3w nie odni\u00f3s\u0142 obra\u017ce\u0144. Trwaj\u0105 czynno\u015bci wyja\u015bniaj\u0105ce.<\/p>\n<p>Jak ju\u017c pisali\u015bmy, drugie, tragiczne zdarzenie mia\u0142o miejsce w czwartek rano w Sosnowcu. Oko\u0142o godziny 5:00 s\u0142u\u017cby otrzyma\u0142y zg\u0142oszenie o pobudzonym m\u0119\u017cczy\u017anie z maczet\u0105, kt\u00f3ry niszczy\u0142 samochody osobowe i autobus miejski na ulicy Miko\u0142ajczyka.<\/p>\n<p>\u2013 Na miejscu zastano m\u0119\u017cczyzn\u0119 biegaj\u0105cego z niebezpiecznym narz\u0119dziem. Nie reagowa\u0142 na polecenia funkcjonariuszy, dlatego oddano strza\u0142y w jego kierunku \u2013 przekaza\u0142a Dorota Pelon z Prokuratury Okr\u0119gowej w Sosnowcu.<\/p>\n<p>Ranny napastnik zosta\u0142 przetransportowany do szpitala, gdzie zmar\u0142. Jak poinformowa\u0142a policja, m\u0119\u017cczyzna uszkodzi\u0142 cztery samochody i autobus. By\u0142 to 45-letni Polak, nieb\u0119d\u0105cy mieszka\u0144cem Sosnowca. Wed\u0142ug ustale\u0144 dzia\u0142a\u0142 sam.<\/p>\n<p>\u015al\u0105ska policja w wydanym komunikacie zaznaczy\u0142a, \u017ce funkcjonariusze u\u017cyli broni palnej w obliczu bezpo\u015bredniego zagro\u017cenia \u017cycia i zdrowia.<\/p>\n<p style=\"text-align: right\"><em>Na podst. i.Pl<\/em><\/p>\n","protected":false},"excerpt":{"rendered":"<p>W ci\u0105gu ostatnich dni dosz\u0142o w Polsce do dw\u00f3ch niebezpiecznych incydent\u00f3w, podczas kt\u00f3rych funkcjonariusze policji zmuszeni byli u\u017cy\u0107 broni palnej wobec agresywnych napastnik\u00f3w. W jednym&hellip;<\/p>\n","protected":false},"author":3,"featured_media":2991,"comment_status":"open","ping_status":"open","sticky":false,"template":"","format":"standard","meta":{"footnotes":""},"categories":[14,18],"tags":[],"class_list":["post-2990","post","type-post","status-publish","format-standard","has-post-thumbnail","hentry","category-polska","category-top-news"],"_links":{"self":[{"href":"https:\/\/radiopoloniawinnipeg.com\/index.php\/wp-json\/wp\/v2\/posts\/2990","targetHints":{"allow":["GET"]}}],"collection":[{"href":"https:\/\/radiopoloniawinnipeg.com\/index.php\/wp-json\/wp\/v2\/posts"}],"about":[{"href":"https:\/\/radiopoloniawinnipeg.com\/index.php\/wp-json\/wp\/v2\/types\/post"}],"author":[{"embeddable":true,"href":"https:\/\/radiopoloniawinnipeg.com\/index.php\/wp-json\/wp\/v2\/users\/3"}],"replies":[{"embeddable":true,"href":"https:\/\/radiopoloniawinnipeg.com\/index.php\/wp-json\/wp\/v2\/comments?post=2990"}],"version-history":[{"count":0,"href":"https:\/\/radiopoloniawinnipeg.com\/index.php\/wp-json\/wp\/v2\/posts\/2990\/revisions"}],"wp:featuredmedia":[{"embeddable":true,"href":"https:\/\/radiopoloniawinnipeg.com\/index.php\/wp-json\/wp\/v2\/media\/2991"}],"wp:attachment":[{"href":"https:\/\/radiopoloniawinnipeg.com\/index.php\/wp-json\/wp\/v2\/media?parent=2990"}],"wp:term":[{"taxonomy":"category","embeddable":true,"href":"https:\/\/radiopoloniawinnipeg.com\/index.php\/wp-json\/wp\/v2\/categories?post=2990"},{"taxonomy":"post_tag","embeddable":true,"href":"https:\/\/radiopoloniawinnipeg.com\/index.php\/wp-json\/wp\/v2\/tags?post=2990"}],"curies":[{"name":"wp","href":"https:\/\/api.w.org\/{rel}","templated":true}]}}