{"id":2994,"date":"2025-08-02T12:15:05","date_gmt":"2025-08-02T16:15:05","guid":{"rendered":"https:\/\/radiopoloniawinnipeg.com\/index.php\/2025\/08\/02\/zmeczony-i-zuzyty-niemiecki-publicysta-o-donaldzie-tusku\/"},"modified":"2025-08-02T12:15:05","modified_gmt":"2025-08-02T16:15:05","slug":"zmeczony-i-zuzyty-niemiecki-publicysta-o-donaldzie-tusku","status":"publish","type":"post","link":"https:\/\/radiopoloniawinnipeg.com\/index.php\/2025\/08\/02\/zmeczony-i-zuzyty-niemiecki-publicysta-o-donaldzie-tusku\/","title":{"rendered":"\u201eZm\u0119czony i zu\u017cyty\u201d. Niemiecki publicysta o Donaldzie Tusku"},"content":{"rendered":"<p>&nbsp;<\/p>\n<p><img decoding=\"async\" loading=\"lazy\" class=\"aligncenter size-custom-full-size wp-image-219469\" src=\"https:\/\/bejsment.com\/wp-content\/uploads\/2025\/08\/aazuzytytusk-636x478.jpg\" alt=\"\" width=\"636\" height=\"478\" \/><\/p>\n<p><strong>W najnowszym artykule opublikowanym przez tygodnik \u201eDer Spiegel\u201d, niemiecki publicysta Jan Puhl krytycznie oceni\u0142 obecn\u0105 pozycj\u0119 premiera Donalda Tuska \u2013 zar\u00f3wno na krajowej, jak i mi\u0119dzynarodowej scenie politycznej. Zdaniem autora, lider Koalicji Obywatelskiej, kt\u00f3ry po zwyci\u0119stwie w wyborach parlamentarnych w 2023 roku uchodzi\u0142 w Europie za wz\u00f3r przyw\u00f3dcy, dzi\u015b \u201esprawia wra\u017cenie polityka zniech\u0119conego i zm\u0119czonego\u201d.<\/strong><\/p>\n<p>Puhl podkre\u015bla, \u017ce mimo pocz\u0105tkowego entuzjazmu ze strony zachodnich partner\u00f3w, Tusk nie zdo\u0142a\u0142 przekona\u0107 wi\u0119kszo\u015bci polskiego spo\u0142ecze\u0144stwa do swojej wizji zmian. Zdaniem dziennikarza, przyczyn\u0105 spadku poparcia s\u0105 przede wszystkim niezrealizowane obietnice wyborcze \u2013 i cho\u0107 rz\u0105d ch\u0119tnie wskazuje na prezydenta Andrzeja Dud\u0119 jako przeszkod\u0119, autor uwa\u017ca, \u017ce nie mo\u017cna zrzuca\u0107 ca\u0142ej winy wy\u0142\u0105cznie na g\u0142ow\u0119 pa\u0144stwa.<\/p>\n<p>Szczeg\u00f3lnie krytycznie oceniono pr\u00f3b\u0119 przej\u0119cia cz\u0119\u015bci elektoratu prawicowego w kontek\u015bcie przysz\u0142orocznych wybor\u00f3w prezydenckich. Zar\u00f3wno Donald Tusk, jak i kandydat KO Rafa\u0142 Trzaskowski, w kampanii zacz\u0119li przyjmowa\u0107 konserwatywn\u0105 retoryk\u0119. Puhl wskazuje tu jako b\u0142\u0105d m.in. has\u0142o \u201erepolonizacji\u201d, a tak\u017ce zaanga\u017cowanie Tuska w obchody 1000-lecia koronacji Boles\u0142awa Chrobrego.<\/p>\n<p>Publicysta zak\u0142ada, \u017ce premier nie zrezygnuje z urz\u0119du przed ko\u0144cem kadencji, cho\u0107 \u2013 jak sugeruje \u2013 najprawdopodobniej przeka\u017ce w\u0142adz\u0119 prawicy po kolejnych wyborach parlamentarnych.<\/p>\n<h3><strong>Sonda\u017ce: KO przed PiS, ale z niewielk\u0105 przewag\u0105<\/strong><\/h3>\n<p>Opisywana krytyka pojawia si\u0119 w kontek\u015bcie najnowszych wynik\u00f3w badania IBRiS przeprowadzonego dla <em>Rzeczpospolitej<\/em>. Zgodnie z sonda\u017cem, Koalicja Obywatelska prowadzi z wynikiem 30,1 proc., wyprzedzaj\u0105c Prawo i Sprawiedliwo\u015b\u0107 (28,7 proc.) o 1,4 punktu procentowego. W por\u00f3wnaniu z ko\u0144cem czerwca KO zyska\u0142a 3,6 pkt proc., a PiS straci\u0142 0,2 pkt.<\/p>\n<p>Trzecie miejsce zajmuje Konfederacja (14,6 proc.), notuj\u0105c spadek o 2,2 pkt proc., a czwarte Lewica \u2013 z wynikiem 7,1 proc., co oznacza wzrost o 1,5 pkt.<\/p>\n","protected":false},"excerpt":{"rendered":"<p>&nbsp; W najnowszym artykule opublikowanym przez tygodnik \u201eDer Spiegel\u201d, niemiecki publicysta Jan Puhl krytycznie oceni\u0142 obecn\u0105 pozycj\u0119 premiera Donalda Tuska \u2013 zar\u00f3wno na krajowej, jak&hellip;<\/p>\n","protected":false},"author":3,"featured_media":2995,"comment_status":"open","ping_status":"open","sticky":false,"template":"","format":"standard","meta":{"footnotes":""},"categories":[15,18],"tags":[],"class_list":["post-2994","post","type-post","status-publish","format-standard","has-post-thumbnail","hentry","category-swiat","category-top-news"],"_links":{"self":[{"href":"https:\/\/radiopoloniawinnipeg.com\/index.php\/wp-json\/wp\/v2\/posts\/2994","targetHints":{"allow":["GET"]}}],"collection":[{"href":"https:\/\/radiopoloniawinnipeg.com\/index.php\/wp-json\/wp\/v2\/posts"}],"about":[{"href":"https:\/\/radiopoloniawinnipeg.com\/index.php\/wp-json\/wp\/v2\/types\/post"}],"author":[{"embeddable":true,"href":"https:\/\/radiopoloniawinnipeg.com\/index.php\/wp-json\/wp\/v2\/users\/3"}],"replies":[{"embeddable":true,"href":"https:\/\/radiopoloniawinnipeg.com\/index.php\/wp-json\/wp\/v2\/comments?post=2994"}],"version-history":[{"count":0,"href":"https:\/\/radiopoloniawinnipeg.com\/index.php\/wp-json\/wp\/v2\/posts\/2994\/revisions"}],"wp:featuredmedia":[{"embeddable":true,"href":"https:\/\/radiopoloniawinnipeg.com\/index.php\/wp-json\/wp\/v2\/media\/2995"}],"wp:attachment":[{"href":"https:\/\/radiopoloniawinnipeg.com\/index.php\/wp-json\/wp\/v2\/media?parent=2994"}],"wp:term":[{"taxonomy":"category","embeddable":true,"href":"https:\/\/radiopoloniawinnipeg.com\/index.php\/wp-json\/wp\/v2\/categories?post=2994"},{"taxonomy":"post_tag","embeddable":true,"href":"https:\/\/radiopoloniawinnipeg.com\/index.php\/wp-json\/wp\/v2\/tags?post=2994"}],"curies":[{"name":"wp","href":"https:\/\/api.w.org\/{rel}","templated":true}]}}