{"id":3000,"date":"2025-08-02T14:15:09","date_gmt":"2025-08-02T18:15:09","guid":{"rendered":"https:\/\/radiopoloniawinnipeg.com\/index.php\/2025\/08\/02\/w-warszawie-aresztowali-czterech-policjantow-i-kuli-ich-kajdankami\/"},"modified":"2025-08-02T14:15:09","modified_gmt":"2025-08-02T18:15:09","slug":"w-warszawie-aresztowali-czterech-policjantow-i-kuli-ich-kajdankami","status":"publish","type":"post","link":"https:\/\/radiopoloniawinnipeg.com\/index.php\/2025\/08\/02\/w-warszawie-aresztowali-czterech-policjantow-i-kuli-ich-kajdankami\/","title":{"rendered":"W Warszawie aresztowali czterech policjant\u00f3w i kuli ich kajdankami"},"content":{"rendered":"<p>Czterech policjant\u00f3w zosta\u0142o publicznie zatrzymanych w Warszawie \u2013 na oczach koleg\u00f3w i s\u0105siad\u00f3w \u2013 skuto ich kajdankami i przewieziono do prokuratury. Tam us\u0142yszeli zarzuty nadu\u017cycia uprawnie\u0144 przy zatrzymaniu m\u0119\u017cczyzny odpowiedzialnego za brutalne morderstwo na plebanii w Warszawie, do kt\u00f3rego dosz\u0142o sze\u015b\u0107 lat wcze\u015bniej. W \u015brodowisku policyjnym zawrza\u0142o. \u2014 To kompromitacja. Wystarczy\u0142o wezwa\u0107 ich do stawienia si\u0119, nie trzeba by\u0142o robi\u0107 z tego pokaz\u00f3wki \u2014 m\u00f3wi\u0105 mundurowi. Prokuratura t\u0142umaczy, \u017ce spos\u00f3b dzia\u0142ania podyktowany by\u0142 interesem \u015bledztwa.<\/p>\n<p>\u015aroda, 16 lipca. Rano funkcjonariusze Biura Spraw Wewn\u0119trznych Komendy G\u0142\u00f3wnej Policji r\u00f3wnocze\u015bnie wchodz\u0105 do warszawskiej komendy oraz trzech mieszka\u0144 \u2014 dw\u00f3ch w stolicy i jednego na Mazowszu. Zatrzymuj\u0105 czterech m\u0119\u017cczyzn. Trzej to czynni policjanci, czwarty to by\u0142y funkcjonariusz.<\/p>\n<p>Wszyscy zostaj\u0105 zakuci w kajdanki i odprowadzeni z budynk\u00f3w w obecno\u015bci \u015bwiadk\u00f3w. Nast\u0119pnie przewieziono ich do Prokuratury Okr\u0119gowej w Warszawie, kt\u00f3ra zleci\u0142a zatrzymania.<\/p>\n<p>Ka\u017cdy z nich us\u0142ysza\u0142 identyczny zarzut: dzia\u0142aj\u0105c wsp\u00f3lnie, przekroczyli swoje uprawnienia, stosuj\u0105c wobec zatrzymanego niedozwolon\u0105 metod\u0119 obezw\u0142adnienia \u2014 prze\u0142o\u017cyli jego stopy za kajdanki zapi\u0119te na r\u0119kach u\u0142o\u017conych za plecami. Prokuratura uzna\u0142a to za naruszenie ustawy o \u015brodkach przymusu bezpo\u015bredniego.<\/p>\n<p>Chodzi o wydarzenia z 11 kwietnia 2019 roku, kiedy na plebanii ko\u015bcio\u0142a \u015bw. Augustyna przy ul. Nowolipki na warszawskiej Woli dosz\u0142o do tragicznego ataku. 65-letni Marek T., ojciec ksi\u0119dza z Archidiecezji Warszawskiej, przyjecha\u0142 z \u017con\u0105 na spowied\u017a. W przedsionku zosta\u0142 brutalnie zaatakowany przez 38-letniego Jana B.<\/p>\n<p>\u2014 Ten cz\u0142owiek po prostu rzuci\u0142 si\u0119 na starszego pana bez \u017cadnego powodu. Bi\u0142 go, prawdopodobnie uderza\u0142 g\u0142ow\u0105 o mur lub pod\u0142og\u0119, zmasakrowa\u0142 mu czaszk\u0119 \u2014 relacjonowa\u0142 ks. Walenty Kr\u00f3lak, proboszcz parafii.<\/p>\n<p>Pomocy pr\u00f3bowa\u0142 udzieli\u0107 wikariusz, kt\u00f3ry us\u0142ysza\u0142 krzyki. On r\u00f3wnie\u017c zosta\u0142 zaatakowany, ale odni\u00f3s\u0142 jedynie lekkie obra\u017cenia. Marek T. trafi\u0142 do szpitala, ale lekarzom nie uda\u0142o si\u0119 go uratowa\u0107.<\/p>\n<p>Post\u0119powanie trwa\u0142o ponad rok. Jan B. zosta\u0142 pocz\u0105tkowo oskar\u017cony o zab\u00f3jstwo i pobicie ksi\u0119dza. Ostatecznie jednak \u015bledztwo umorzono \u2014 biegli uznali, \u017ce by\u0142 niepoczytalny i stanowi\u0142 powa\u017cne zagro\u017cenie dla otoczenia. Trafi\u0142 na przymusowe leczenie psychiatryczne.<\/p>\n<p>Zwi\u0105zkowcy nie kryj\u0105 oburzenia. Rafa\u0142 Jankowski, szef NSZZ Policjant\u00f3w, m\u00f3wi: \u2014 Zatrzymanie policjant\u00f3w w miejscu pracy, zakucie ich i przewiezienie do prokuratury sze\u015b\u0107 lat po zdarzeniu budzi ogromne w\u0105tpliwo\u015bci. Tym bardziej \u017ce chodzi o zatrzymanie brutalnego przest\u0119pcy, kt\u00f3ry odebra\u0142 \u017cycie cz\u0142owiekowi i usi\u0142owa\u0142 zabi\u0107 kolejnego.<\/p>\n<p>Jankowski podkre\u015bla, \u017ce taka forma zatrzymania mo\u017ce mie\u0107 drugie dno. \u2014 Policjanci b\u0119d\u0105 si\u0119 bali dzia\u0142a\u0107 zdecydowanie, je\u015bli za kilka lat mog\u0105 ich spotka\u0107 takie konsekwencje. Przecie\u017c mogli zosta\u0107 po prostu wezwani. Wszyscy by si\u0119 stawili \u2014 zaznacza.<\/p>\n<p>Prokuratura Okr\u0119gowa w Warszawie potwierdza, \u017ce sprawa toczy si\u0119 przeciwko Tomaszowi C., Wojciechowi N., Patrykowi M. i Arturowi S. Zarzucono im przekroczenie uprawnie\u0144 i zastosowanie niedozwolonej techniki obezw\u0142adniania Jana B., co \u2014 wed\u0142ug \u015bledczych \u2014 mog\u0142o naruszy\u0107 jego prywatny interes.<\/p>\n<p>Rzecznik prokuratury, Piotr Antoni Skiba, przypomina, \u017ce \u015brodki przymusu nale\u017cy stosowa\u0107 proporcjonalnie, w spos\u00f3b minimalizuj\u0105cy szkody. Dodaje te\u017c, \u017ce jeden z policjant\u00f3w, Piotr M., mia\u0142 u\u017cy\u0107 gazu pieprzowego w spos\u00f3b nieprawid\u0142owy \u2014 spryska\u0142 odzie\u017c Jana B., a nast\u0119pnie przy\u0142o\u017cy\u0142 j\u0105 do jego twarzy. Fakt ten nie zosta\u0142 odnotowany w dokumentacji. Policjant mia\u0142 te\u017c nieprawdziwie opisa\u0107 przebieg zdarzenia w notatce s\u0142u\u017cbowej.<\/p>\n<p>W \u015bledztwie wykorzystano nagrania z kamer nasobnych, kt\u00f3re zarejestrowa\u0142y interwencj\u0119. Analiza materia\u0142u wykaza\u0142a powa\u017cne nieprawid\u0142owo\u015bci, w tym niew\u0142a\u015bciwe zastosowanie si\u0142y oraz brak pe\u0142nej dokumentacji po u\u017cyciu gazu.<\/p>\n<p>\u2014 Z uwagi na ujawnienie nowych okoliczno\u015bci i ich wag\u0119 prawn\u0105, prokurator uzna\u0142, \u017ce konieczne jest przymusowe doprowadzenie wszystkich podejrzanych w tym samym dniu \u2014 t\u0142umaczy rzecznik. Dodaje, \u017ce po przes\u0142uchaniach zostali zwolnieni.<\/p>\n<p>Komenda G\u0142\u00f3wna Policji informuje, \u017ce dzia\u0142ania przeprowadzono zgodnie z postanowieniem prokuratury. Kajdanki za\u0142o\u017cono w trakcie konwoju, co by\u0142o zgodne z obowi\u0105zuj\u0105cymi przepisami. \u2014 Tylko jeden z funkcjonariuszy zosta\u0142 zatrzymany w komendzie, pozostali w mieszkaniach \u2014 zaznacza kom. Mariusz Kurczyk.<\/p>\n<p>Prokurator nie zastosowa\u0142 \u015brodk\u00f3w zapobiegawczych. Zatrzymani nie wnie\u015bli za\u017cale\u0144, cho\u0107 \u2014 jak podaje KGP \u2014 funkcjonariusze BSW sugerowali prokuratorowi wezwanie, zamiast zatrzymania. Ten jednak odrzuci\u0142 t\u0119 propozycj\u0119.<\/p>\n<p>Obro\u0144cy podejrzanych nie kryj\u0105 krytyki. \u2014 M\u00f3j klient nie czuje si\u0119 winny. Uwa\u017ca, \u017ce dzia\u0142a\u0142 w spos\u00f3b konieczny, by zapewni\u0107 bezpiecze\u0144stwo wszystkim obecnym \u2014 m\u00f3wi mec. Tomasz Demza\u0142a. \u2014 Zarzut \u201edzia\u0142ania wsp\u00f3lnie i w porozumieniu\u201d jest kuriozalny. Policjanci reagowali na bie\u017c\u0105co.<\/p>\n<p>Obro\u0144cy wszystkich zatrzymanych z\u0142o\u017cyli za\u017calenia na decyzj\u0119 prokuratora. \u2014 Forma zatrzymania by\u0142a nieadekwatna, bezpodstawna i niepotrzebna \u2014 uwa\u017ca mec. Piotr Da\u0142kowski.<\/p>\n","protected":false},"excerpt":{"rendered":"<p>Czterech policjant\u00f3w zosta\u0142o publicznie zatrzymanych w Warszawie \u2013 na oczach koleg\u00f3w i s\u0105siad\u00f3w \u2013 skuto ich kajdankami i przewieziono do prokuratury. Tam us\u0142yszeli zarzuty nadu\u017cycia&hellip;<\/p>\n","protected":false},"author":3,"featured_media":3001,"comment_status":"open","ping_status":"open","sticky":false,"template":"","format":"standard","meta":{"footnotes":""},"categories":[14,18],"tags":[],"class_list":["post-3000","post","type-post","status-publish","format-standard","has-post-thumbnail","hentry","category-polska","category-top-news"],"_links":{"self":[{"href":"https:\/\/radiopoloniawinnipeg.com\/index.php\/wp-json\/wp\/v2\/posts\/3000","targetHints":{"allow":["GET"]}}],"collection":[{"href":"https:\/\/radiopoloniawinnipeg.com\/index.php\/wp-json\/wp\/v2\/posts"}],"about":[{"href":"https:\/\/radiopoloniawinnipeg.com\/index.php\/wp-json\/wp\/v2\/types\/post"}],"author":[{"embeddable":true,"href":"https:\/\/radiopoloniawinnipeg.com\/index.php\/wp-json\/wp\/v2\/users\/3"}],"replies":[{"embeddable":true,"href":"https:\/\/radiopoloniawinnipeg.com\/index.php\/wp-json\/wp\/v2\/comments?post=3000"}],"version-history":[{"count":0,"href":"https:\/\/radiopoloniawinnipeg.com\/index.php\/wp-json\/wp\/v2\/posts\/3000\/revisions"}],"wp:featuredmedia":[{"embeddable":true,"href":"https:\/\/radiopoloniawinnipeg.com\/index.php\/wp-json\/wp\/v2\/media\/3001"}],"wp:attachment":[{"href":"https:\/\/radiopoloniawinnipeg.com\/index.php\/wp-json\/wp\/v2\/media?parent=3000"}],"wp:term":[{"taxonomy":"category","embeddable":true,"href":"https:\/\/radiopoloniawinnipeg.com\/index.php\/wp-json\/wp\/v2\/categories?post=3000"},{"taxonomy":"post_tag","embeddable":true,"href":"https:\/\/radiopoloniawinnipeg.com\/index.php\/wp-json\/wp\/v2\/tags?post=3000"}],"curies":[{"name":"wp","href":"https:\/\/api.w.org\/{rel}","templated":true}]}}