{"id":3012,"date":"2025-08-03T12:30:08","date_gmt":"2025-08-03T16:30:08","guid":{"rendered":"https:\/\/radiopoloniawinnipeg.com\/index.php\/2025\/08\/03\/izraelski-atak-w-strefie-gazy-ofiary-czekaly-na-jedzenie\/"},"modified":"2025-08-03T12:30:08","modified_gmt":"2025-08-03T16:30:08","slug":"izraelski-atak-w-strefie-gazy-ofiary-czekaly-na-jedzenie","status":"publish","type":"post","link":"https:\/\/radiopoloniawinnipeg.com\/index.php\/2025\/08\/03\/izraelski-atak-w-strefie-gazy-ofiary-czekaly-na-jedzenie\/","title":{"rendered":"Izraelski atak w Strefie Gazy. Ofiary czeka\u0142y na jedzenie"},"content":{"rendered":"<div id=\"attachment_219547\" style=\"width: 646px\" class=\"wp-caption aligncenter\"><img decoding=\"async\" loading=\"lazy\" aria-describedby=\"caption-attachment-219547\" class=\"size-custom-full-size wp-image-219547\" src=\"https:\/\/bejsment.com\/wp-content\/uploads\/2025\/08\/aagazazrzuty-636x424.jpg\" alt=\"\" width=\"636\" height=\"424\" \/><\/p>\n<p id=\"caption-attachment-219547\" class=\"wp-caption-text\">Paczki spadaj\u0105 w kierunku p\u00f3\u0142nocnej Strefy Gazy po zrzuceniu z samolotu wojskowego podczas trwaj\u0105cego konfliktu mi\u0119dzy Izraelem a palesty\u0144skim ugrupowaniem Hamas.<\/p>\n<\/div>\n<p><strong>Szpitale w Strefie Gazy poinformowa\u0142y w sobot\u0119 o \u015bmierci co najmniej 18 Palesty\u0144czyk\u00f3w w wyniku izraelskiego ataku. Cz\u0119\u015b\u0107 ofiar mia\u0142a w momencie ataku czeka\u0107 w kolejce po jedzenie. Rannych zosta\u0142o 36 os\u00f3b \u2013 poda\u0142a agencja Associated Press.<\/strong><\/p>\n<p>Do ostrza\u0142u dosz\u0142o m.in. w pobli\u017cu centrum fundacji GHF (Global Humanitarian Foundation), dzie\u0144 po wizycie w Strefie Gazy specjalnego wys\u0142annika Stan\u00f3w Zjednoczonych Steve\u2019a Witkoffa oraz ambasadora USA w Izraelu Mike\u2019a Huckabee\u2019a.<\/p>\n<p>Na miejscu zdarzenia obecny by\u0142 informator Associated Press, kt\u00f3ry relacjonowa\u0142, \u017ce Palesty\u0144czycy nie zbli\u017cali si\u0119 do izraelskich \u017co\u0142nierzy i nie stanowili \u017cadnego zagro\u017cenia.<\/p>\n<p>Wed\u0142ug raportu ONZ, do kt\u00f3rego dotar\u0142a agencja, tylko w okresie od 27 maja do 31 lipca w pobli\u017cu o\u015brodk\u00f3w fundacji GHF zgin\u0119\u0142o 859 os\u00f3b. Kolejne setki mia\u0142y straci\u0107 \u017cycie w atakach na trasy konwoj\u00f3w z pomoc\u0105 \u017cywno\u015bciow\u0105. Strona izraelska i przedstawiciele fundacji GHF kwestionuj\u0105 jednak te dane, twierdz\u0105c, \u017ce liczby te s\u0105 zawy\u017cone.<\/p>\n<p>W\u015br\u00f3d ofiar s\u0105 r\u00f3wnie\u017c osoby zabite w nalotach na centralne i po\u0142udniowe rejony Gazy, w tym w obozach dla uchod\u017ac\u00f3w wewn\u0119trznych.<\/p>\n<h3><strong>\u201eLudob\u00f3jstwo dzieje si\u0119 na naszych oczach&#8221; \u2013 m\u00f3wi izraelski dziennikarz<\/strong><\/h3>\n<p>Polsat News przeprowadzi\u0142 poruszaj\u0105c\u0105 rozmow\u0119 z Gideonem Levym, publicyst\u0105 izraelskiego dziennika \u201eHaaretz\u201d, znanego z krytycznego podej\u015bcia do polityki Tel Awiwu wobec Palesty\u0144czyk\u00f3w.<\/p>\n<p>\u2013 Widz\u0119 wstyd i poczucie winy, gdy patrz\u0119 na zdj\u0119cia ze Strefy Gazy \u2013 m\u00f3wi\u0142 Levy. \u2013 Po 7 pa\u017adziernika, po tych okrucie\u0144stwach, wi\u0119kszo\u015b\u0107 Izraelczyk\u00f3w jest przekonana, \u017ce mo\u017cemy robi\u0107, co tylko chcemy. \u017be nie obowi\u0105zuj\u0105 nas \u017cadne zasady \u2013 doda\u0142.<\/p>\n<p>Jego zdaniem to, co obecnie dzieje si\u0119 w Gazie, nosi znamiona ludob\u00f3jstwa. \u2013 Nie ma innych s\u0142\u00f3w, kt\u00f3re mog\u0142yby to opisa\u0107. U\u017cywam tego s\u0142owa dopiero od niedawna, po 22 miesi\u0105cach, bo odebra\u0142o mi mow\u0119. Ta sytuacja nie zmierza ku ko\u0144cowi \u2013 przyzna\u0142 izraelski dziennikarz.<\/p>\n<p style=\"text-align: right\"><em>Na podst. Polsat News<\/em><\/p>\n","protected":false},"excerpt":{"rendered":"<p>Paczki spadaj\u0105 w kierunku p\u00f3\u0142nocnej Strefy Gazy po zrzuceniu z samolotu wojskowego podczas trwaj\u0105cego konfliktu mi\u0119dzy Izraelem a palesty\u0144skim ugrupowaniem Hamas. Szpitale w Strefie Gazy&hellip;<\/p>\n","protected":false},"author":3,"featured_media":3013,"comment_status":"open","ping_status":"open","sticky":false,"template":"","format":"standard","meta":{"footnotes":""},"categories":[15,18],"tags":[],"class_list":["post-3012","post","type-post","status-publish","format-standard","has-post-thumbnail","hentry","category-swiat","category-top-news"],"_links":{"self":[{"href":"https:\/\/radiopoloniawinnipeg.com\/index.php\/wp-json\/wp\/v2\/posts\/3012","targetHints":{"allow":["GET"]}}],"collection":[{"href":"https:\/\/radiopoloniawinnipeg.com\/index.php\/wp-json\/wp\/v2\/posts"}],"about":[{"href":"https:\/\/radiopoloniawinnipeg.com\/index.php\/wp-json\/wp\/v2\/types\/post"}],"author":[{"embeddable":true,"href":"https:\/\/radiopoloniawinnipeg.com\/index.php\/wp-json\/wp\/v2\/users\/3"}],"replies":[{"embeddable":true,"href":"https:\/\/radiopoloniawinnipeg.com\/index.php\/wp-json\/wp\/v2\/comments?post=3012"}],"version-history":[{"count":0,"href":"https:\/\/radiopoloniawinnipeg.com\/index.php\/wp-json\/wp\/v2\/posts\/3012\/revisions"}],"wp:featuredmedia":[{"embeddable":true,"href":"https:\/\/radiopoloniawinnipeg.com\/index.php\/wp-json\/wp\/v2\/media\/3013"}],"wp:attachment":[{"href":"https:\/\/radiopoloniawinnipeg.com\/index.php\/wp-json\/wp\/v2\/media?parent=3012"}],"wp:term":[{"taxonomy":"category","embeddable":true,"href":"https:\/\/radiopoloniawinnipeg.com\/index.php\/wp-json\/wp\/v2\/categories?post=3012"},{"taxonomy":"post_tag","embeddable":true,"href":"https:\/\/radiopoloniawinnipeg.com\/index.php\/wp-json\/wp\/v2\/tags?post=3012"}],"curies":[{"name":"wp","href":"https:\/\/api.w.org\/{rel}","templated":true}]}}