{"id":3038,"date":"2025-08-04T14:30:06","date_gmt":"2025-08-04T18:30:06","guid":{"rendered":"https:\/\/radiopoloniawinnipeg.com\/index.php\/2025\/08\/04\/policjant-z-gdanska-zatrzymany-z-narkotykami-na-festiwalu\/"},"modified":"2025-08-04T14:30:06","modified_gmt":"2025-08-04T18:30:06","slug":"policjant-z-gdanska-zatrzymany-z-narkotykami-na-festiwalu","status":"publish","type":"post","link":"https:\/\/radiopoloniawinnipeg.com\/index.php\/2025\/08\/04\/policjant-z-gdanska-zatrzymany-z-narkotykami-na-festiwalu\/","title":{"rendered":"Policjant z Gda\u0144ska zatrzymany z narkotykami na festiwalu"},"content":{"rendered":"<p><img decoding=\"async\" loading=\"lazy\" class=\"aligncenter size-custom-full-size wp-image-219623\" src=\"https:\/\/bejsment.com\/wp-content\/uploads\/2025\/08\/aapolic-636x358.jpg\" alt=\"\" width=\"636\" height=\"358\" \/><\/p>\n<p><strong>40-letni funkcjonariusz z Komendy Miejskiej Policji w Gda\u0144sku zosta\u0142 zatrzymany podczas festiwalu muzyki elektronicznej w Ko\u0142obrzegu. M\u0119\u017cczyzna mia\u0142 przy sobie narkotyki. Potwierdzenie zatrzymania przekaza\u0142y zar\u00f3wno policja, jak i prokuratura. Funkcjonariuszowi grozi nie tylko odpowiedzialno\u015b\u0107 karna, ale r\u00f3wnie\u017c wydalenie ze s\u0142u\u017cby.<\/strong><\/p>\n<p>\u2013 To funkcjonariusz z naszego regionu. Na razie nie znamy szczeg\u00f3\u0142\u00f3w sprawy. Post\u0119powanie prowadzi miejscowa prokuratura i policja \u2013 poinformowa\u0142a kom. Karina Kami\u0144ska, rzeczniczka prasowa Komendy Wojew\u00f3dzkiej Policji w Gda\u0144sku.<\/p>\n<p>Zatrzymania dokonano na terenie wojew\u00f3dztwa zachodniopomorskiego. Wed\u0142ug ustale\u0144 radia RMF, policjant mia\u0142 posiada\u0107 przy sobie dwa rodzaje substancji odurzaj\u0105cych. Prokuratura Okr\u0119gowa w Koszalinie na razie nie potwierdza tych informacji.<\/p>\n<p>\u2013 B\u0119dziemy ustala\u0107 rodzaj i ilo\u015b\u0107 zabezpieczonych substancji \u2013 powiedzia\u0142a prok. Ewa Dziadczyk, rzeczniczka prasowa koszali\u0144skiej prokuratury.<\/p>\n<p>Zgodnie z przepisami, za posiadanie narkotyk\u00f3w grozi do 3 lat wi\u0119zienia. Je\u015bli oka\u017ce si\u0119, \u017ce funkcjonariusz mia\u0142 przy sobie ich znaczn\u0105 ilo\u015b\u0107, kara mo\u017ce wzrosn\u0105\u0107 do 10 lat pozbawienia wolno\u015bci.<\/p>\n<p>Niezale\u017cnie od post\u0119powania karnego, wobec policjanta wszcz\u0119te zostanie post\u0119powanie dyscyplinarne, kt\u00f3re \u2013 jak zaznaczaj\u0105 s\u0142u\u017cby \u2013 mo\u017ce zako\u0144czy\u0107 si\u0119 wydaleniem ze s\u0142u\u017cby.<\/p>\n<p style=\"text-align: right\">Na podst. <em>RMF24<\/em><\/p>\n","protected":false},"excerpt":{"rendered":"<p>40-letni funkcjonariusz z Komendy Miejskiej Policji w Gda\u0144sku zosta\u0142 zatrzymany podczas festiwalu muzyki elektronicznej w Ko\u0142obrzegu. M\u0119\u017cczyzna mia\u0142 przy sobie narkotyki. Potwierdzenie zatrzymania przekaza\u0142y zar\u00f3wno&hellip;<\/p>\n","protected":false},"author":3,"featured_media":3039,"comment_status":"open","ping_status":"open","sticky":false,"template":"","format":"standard","meta":{"footnotes":""},"categories":[14,18],"tags":[],"class_list":["post-3038","post","type-post","status-publish","format-standard","has-post-thumbnail","hentry","category-polska","category-top-news"],"_links":{"self":[{"href":"https:\/\/radiopoloniawinnipeg.com\/index.php\/wp-json\/wp\/v2\/posts\/3038","targetHints":{"allow":["GET"]}}],"collection":[{"href":"https:\/\/radiopoloniawinnipeg.com\/index.php\/wp-json\/wp\/v2\/posts"}],"about":[{"href":"https:\/\/radiopoloniawinnipeg.com\/index.php\/wp-json\/wp\/v2\/types\/post"}],"author":[{"embeddable":true,"href":"https:\/\/radiopoloniawinnipeg.com\/index.php\/wp-json\/wp\/v2\/users\/3"}],"replies":[{"embeddable":true,"href":"https:\/\/radiopoloniawinnipeg.com\/index.php\/wp-json\/wp\/v2\/comments?post=3038"}],"version-history":[{"count":0,"href":"https:\/\/radiopoloniawinnipeg.com\/index.php\/wp-json\/wp\/v2\/posts\/3038\/revisions"}],"wp:featuredmedia":[{"embeddable":true,"href":"https:\/\/radiopoloniawinnipeg.com\/index.php\/wp-json\/wp\/v2\/media\/3039"}],"wp:attachment":[{"href":"https:\/\/radiopoloniawinnipeg.com\/index.php\/wp-json\/wp\/v2\/media?parent=3038"}],"wp:term":[{"taxonomy":"category","embeddable":true,"href":"https:\/\/radiopoloniawinnipeg.com\/index.php\/wp-json\/wp\/v2\/categories?post=3038"},{"taxonomy":"post_tag","embeddable":true,"href":"https:\/\/radiopoloniawinnipeg.com\/index.php\/wp-json\/wp\/v2\/tags?post=3038"}],"curies":[{"name":"wp","href":"https:\/\/api.w.org\/{rel}","templated":true}]}}