{"id":3050,"date":"2025-08-04T20:30:06","date_gmt":"2025-08-05T00:30:06","guid":{"rendered":"https:\/\/radiopoloniawinnipeg.com\/index.php\/2025\/08\/04\/sydney-sweeney-i-dzinsy-ktore-rozwscieczyly-lewice\/"},"modified":"2025-08-04T20:30:06","modified_gmt":"2025-08-05T00:30:06","slug":"sydney-sweeney-i-dzinsy-ktore-rozwscieczyly-lewice","status":"publish","type":"post","link":"https:\/\/radiopoloniawinnipeg.com\/index.php\/2025\/08\/04\/sydney-sweeney-i-dzinsy-ktore-rozwscieczyly-lewice\/","title":{"rendered":"Sydney Sweeney i d\u017cinsy, kt\u00f3re rozw\u015bcieczy\u0142y lewic\u0119"},"content":{"rendered":"<p><img decoding=\"async\" loading=\"lazy\" class=\"aligncenter size-custom-full-size wp-image-219647\" src=\"https:\/\/bejsment.com\/wp-content\/uploads\/2025\/08\/aadzins2-636x358.jpg\" alt=\"\" width=\"636\" height=\"358\" \/><\/p>\n<p><strong>Nowa kampania reklamowa American Eagle z udzia\u0142em aktorki Sydney Sweeney wzbudzi\u0142a entuzjazm w\u015br\u00f3d konsument\u00f3w \u2014 i oburzenie skrajnej lewicy. Spot, w kt\u00f3rym 27-letnia gwiazda \u201eEuforii\u201d m\u00f3wi: <em>&#8220;Genes are passed from parents to offspring. My jeans are blue&#8221;<\/em> (Geny s\u0105 przekazywane z rodzic\u00f3w na potomstwo. Moje d\u017cinsy s\u0105 niebieskie), spotka\u0142 si\u0119 z zarzutami o &#8220;rasizm&#8221;, &#8220;faszyzm&#8221;, a nawet &#8220;promowanie bia\u0142ej supremacji&#8221;.<\/strong><\/p>\n<p>W centrum kontrowersji znalaz\u0142a si\u0119 gra s\u0142\u00f3w oparta na angielskim homofonie \u201egenes\/jeans\u201d \u2014 wymawianym identycznie. Has\u0142o reklamowe \u201eSydney Sweeney has great jeans\u201d mo\u017ce by\u0107 wi\u0119c odczytane r\u00f3wnie\u017c jako: \u201eSydney Sweeney ma \u015bwietne geny\u201d.<\/p>\n<p>Lewicowe media i aktywi\u015bci zarzucili kampanii American Eagle, \u017ce przedstawienie m\u0142odej, atrakcyjnej, bia\u0142ej kobiety w takiej formie stanowi ukryt\u0105 promocj\u0119 \u201eidei czysto\u015bci rasowej\u201d oraz powielanie stereotyp\u00f3w o \u201eameryka\u0144skim pi\u0119knie\u201d. Marka nie zamierza\u0142a jednak przeprasza\u0107.<\/p>\n<p>\u201eHas\u0142o \u00bbSydney Sweeney ma \u015bwietne d\u017cinsy\u00ab dotyczy i zawsze b\u0119dzie dotyczy\u0142o d\u017cins\u00f3w. Jej d\u017cins\u00f3w. Jej historii\u201d \u2014 odpowiedzia\u0142a firma, odrzucaj\u0105c oskar\u017cenia o jakiekolwiek intencje polityczne czy ideologiczne.<\/p>\n<p>Brak reakcji na zarzuty oraz twarda postawa wobec \u015brodowisk \u201ewoke\u201d zosta\u0142y entuzjastycznie przyj\u0119te przez du\u017c\u0105 cz\u0119\u015b\u0107 opinii publicznej. Akcje American Eagle wzros\u0142y na gie\u0142dzie o 10 proc., a kampania z Sweeney okaza\u0142a si\u0119 komercyjnym strza\u0142em w dziesi\u0105tk\u0119.<\/p>\n<h3><strong>G\u0142os z Bia\u0142ego Domu<\/strong><\/h3>\n<p>Do sprawy odni\u00f3s\u0142 si\u0119 wiceprezydent USA J.D. Vance, znany z konserwatywnych pogl\u0105d\u00f3w i ci\u0119tego j\u0119zyka. W internetowej audycji powiedzia\u0142 z przek\u0105sem:<\/p>\n<p>\u2014 <em>Moja rada dla demokrat\u00f3w brzmi: nadal m\u00f3wcie wszystkim, kt\u00f3rzy uwa\u017caj\u0105 Sydney Sweeney za atrakcyjn\u0105, \u017ce s\u0105 nazistami<\/em>.<\/p>\n<p>Wiceprezydent zauwa\u017cy\u0142, \u017ce w tej historii mamy \u201enormaln\u0105, typowo ameryka\u0144sk\u0105, pi\u0119kn\u0105 dziewczyn\u0119 w zwyczajnej reklamie d\u017cins\u00f3w\u201d i \u017ce pr\u00f3by dopatrywania si\u0119 w tym tre\u015bciach ekstremistycznych s\u0105 oderwane od rzeczywisto\u015bci.<\/p>\n<p>\u2014 My\u015bla\u0142em, \u017ce po pora\u017cce wyborczej w 2024 roku demokraci wyci\u0105gn\u0105 wnioski. Spodziewa\u0142em si\u0119, \u017ce mo\u017ce zdecyduj\u0105: b\u0119dziemy troch\u0119 mniej szaleni. Ale ich nowa strategia to: atakowa\u0107 ludzi jako nazist\u00f3w za to, \u017ce uwa\u017caj\u0105 Sydney Sweeney za pi\u0119kn\u0105. \u015awietna robota, ch\u0142opaki \u2014 skwitowa\u0142 Vance.<\/p>\n<p style=\"text-align: right\"><em>Na podst. AP<\/em><\/p>\n","protected":false},"excerpt":{"rendered":"<p>Nowa kampania reklamowa American Eagle z udzia\u0142em aktorki Sydney Sweeney wzbudzi\u0142a entuzjazm w\u015br\u00f3d konsument\u00f3w \u2014 i oburzenie skrajnej lewicy. Spot, w kt\u00f3rym 27-letnia gwiazda \u201eEuforii\u201d&hellip;<\/p>\n","protected":false},"author":3,"featured_media":3051,"comment_status":"open","ping_status":"open","sticky":false,"template":"","format":"standard","meta":{"footnotes":""},"categories":[15,18],"tags":[],"class_list":["post-3050","post","type-post","status-publish","format-standard","has-post-thumbnail","hentry","category-swiat","category-top-news"],"_links":{"self":[{"href":"https:\/\/radiopoloniawinnipeg.com\/index.php\/wp-json\/wp\/v2\/posts\/3050","targetHints":{"allow":["GET"]}}],"collection":[{"href":"https:\/\/radiopoloniawinnipeg.com\/index.php\/wp-json\/wp\/v2\/posts"}],"about":[{"href":"https:\/\/radiopoloniawinnipeg.com\/index.php\/wp-json\/wp\/v2\/types\/post"}],"author":[{"embeddable":true,"href":"https:\/\/radiopoloniawinnipeg.com\/index.php\/wp-json\/wp\/v2\/users\/3"}],"replies":[{"embeddable":true,"href":"https:\/\/radiopoloniawinnipeg.com\/index.php\/wp-json\/wp\/v2\/comments?post=3050"}],"version-history":[{"count":0,"href":"https:\/\/radiopoloniawinnipeg.com\/index.php\/wp-json\/wp\/v2\/posts\/3050\/revisions"}],"wp:featuredmedia":[{"embeddable":true,"href":"https:\/\/radiopoloniawinnipeg.com\/index.php\/wp-json\/wp\/v2\/media\/3051"}],"wp:attachment":[{"href":"https:\/\/radiopoloniawinnipeg.com\/index.php\/wp-json\/wp\/v2\/media?parent=3050"}],"wp:term":[{"taxonomy":"category","embeddable":true,"href":"https:\/\/radiopoloniawinnipeg.com\/index.php\/wp-json\/wp\/v2\/categories?post=3050"},{"taxonomy":"post_tag","embeddable":true,"href":"https:\/\/radiopoloniawinnipeg.com\/index.php\/wp-json\/wp\/v2\/tags?post=3050"}],"curies":[{"name":"wp","href":"https:\/\/api.w.org\/{rel}","templated":true}]}}