{"id":3052,"date":"2025-08-05T07:15:07","date_gmt":"2025-08-05T11:15:07","guid":{"rendered":"https:\/\/radiopoloniawinnipeg.com\/index.php\/2025\/08\/05\/andrzej-duda-obawiam-sie-szalenstw-wokol-zaprzysiezenia-nawrockiego\/"},"modified":"2025-08-05T07:15:07","modified_gmt":"2025-08-05T11:15:07","slug":"andrzej-duda-obawiam-sie-szalenstw-wokol-zaprzysiezenia-nawrockiego","status":"publish","type":"post","link":"https:\/\/radiopoloniawinnipeg.com\/index.php\/2025\/08\/05\/andrzej-duda-obawiam-sie-szalenstw-wokol-zaprzysiezenia-nawrockiego\/","title":{"rendered":"Andrzej Duda: Obawiam si\u0119 szale\u0144stw wok\u00f3\u0142 zaprzysi\u0119\u017cenia Nawrockiego"},"content":{"rendered":"<p><img decoding=\"async\" loading=\"lazy\" class=\"aligncenter size-custom-full-size wp-image-219689\" src=\"https:\/\/bejsment.com\/wp-content\/uploads\/2025\/08\/aaprezydentduda-636x358.jpg\" alt=\"\" width=\"636\" height=\"358\" \/><\/p>\n<p><strong>Prezydent Andrzej Duda odni\u00f3s\u0142 si\u0119 w poniedzia\u0142kowym wywiadzie dla Polsat News do niedosz\u0142ego spotkania z marsza\u0142kiem Sejmu Szymonem Ho\u0142owni\u0105, zaprzysi\u0119\u017cenia Karola Nawrockiego na stanowisko prezesa IPN oraz rz\u0105d\u00f3w Donalda Tuska.<\/strong><\/p>\n<p>Zdaniem prezydenta spotkanie w Pa\u0142acu Prezydenckim by\u0142o konieczne, a jego brak wynika z politycznego napi\u0119cia wok\u00f3\u0142 marsza\u0142ka Sejmu. \u2014 Rozumiem, \u017ce jest w trudnej sytuacji wzgl\u0119dem swoich politycznych sojusznik\u00f3w \u2014 powiedzia\u0142 Duda, odnosz\u0105c si\u0119 do s\u0142\u00f3w Ho\u0142owni o \u201ezamachu stanu\u201d, kt\u00f3re wywo\u0142a\u0142y fal\u0119 krytyki i wymusi\u0142y p\u00f3\u017aniejsze wycofywanie si\u0119 z tej narracji.<\/p>\n<p>Prezydent podkre\u015bli\u0142, \u017ce to Ho\u0142ownia zaproponowa\u0142 spotkanie, a jego termin zosta\u0142 potwierdzony. \u2014 Zaproszenie by\u0142o. Pan marsza\u0142ek osobi\u015bcie ze mn\u0105 rozmawia\u0142 \u2014 zaznaczy\u0142 Duda. Zapytany przez prowadz\u0105cego Bogdana Rymanowskiego, dlaczego do spotkania ostatecznie nie dosz\u0142o, odpowiedzia\u0142: \u2014 Widzowie sami musz\u0105 sobie odpowiedzie\u0107 na to pytanie.<\/p>\n<p>Duda komentowa\u0142 r\u00f3wnie\u017c zaplanowane zaprzysi\u0119\u017cenie Karola Nawrockiego na drug\u0105 kadencj\u0119 jako prezesa Instytutu Pami\u0119ci Narodowej. \u2014 Obawiam si\u0119 jakich\u015b kompletnych szale\u0144stw \u2014 powiedzia\u0142 prezydent, wskazuj\u0105c na nasilaj\u0105c\u0105 si\u0119, jego zdaniem, radykalizacj\u0119 po stronie obozu rz\u0105dz\u0105cego. \u2014 Trzeba by\u0107 przygotowanym na wszelkie scenariusze, ale mam nadziej\u0119, \u017ce wszystko odb\u0119dzie si\u0119 legalnie i zgodnie z konstytucj\u0105 \u2014 doda\u0142.<\/p>\n<p>W rozmowie pojawi\u0142 si\u0119 tak\u017ce w\u0105tek relacji prezydenta z premierem. \u2014 Osobi\u015bcie uwa\u017cam, \u017ce to z\u0142y czas dla Polski, czas rz\u0105d\u00f3w Donalda Tuska i jego gabinetu \u2014 powiedzia\u0142 Duda. \u2014 Wielkie inwestycje zosta\u0142y ewidentnie zahamowane. Mam nadziej\u0119, \u017ce kiedy\u015b uda si\u0119 ustali\u0107, dlaczego tak si\u0119 sta\u0142o i kto za to odpowiada \u2014 m\u00f3wi\u0142.<\/p>\n<p>Prezydent skomentowa\u0142 r\u00f3wnie\u017c postulat pos\u0142anki Polski 2050 Joanny Muchy, by Donald Tusk ust\u0105pi\u0142 ze stanowiska premiera, i pytanie o ewentualn\u0105 kandydatur\u0119 Rados\u0142awa Sikorskiego na jego nast\u0119pc\u0119. \u2014 Trudno mi powiedzie\u0107. My\u015bl\u0119, \u017ce jeszcze troch\u0119 czasu minie i Polacy zmieni\u0105 rz\u0105d \u2014 odpar\u0142 Duda.<\/p>\n<p>Zarzuci\u0142 obecnemu rz\u0105dowi blokowanie kluczowych inwestycji, takich jak budowa Centralnego Portu Komunikacyjnego czy elektrowni j\u0105drowej. \u2014 Zamiast realizowa\u0107 rozw\u00f3j Polski, wszystko zosta\u0142o przyblokowane. Je\u015bli CPK b\u0119dzie budowane w takim tempie jak teraz, zajmie to 20 lat \u2014 stwierdzi\u0142.<\/p>\n<p><em>Na podst. Polsat News<\/em><\/p>\n","protected":false},"excerpt":{"rendered":"<p>Prezydent Andrzej Duda odni\u00f3s\u0142 si\u0119 w poniedzia\u0142kowym wywiadzie dla Polsat News do niedosz\u0142ego spotkania z marsza\u0142kiem Sejmu Szymonem Ho\u0142owni\u0105, zaprzysi\u0119\u017cenia Karola Nawrockiego na stanowisko prezesa&hellip;<\/p>\n","protected":false},"author":3,"featured_media":3053,"comment_status":"open","ping_status":"open","sticky":false,"template":"","format":"standard","meta":{"footnotes":""},"categories":[14,18],"tags":[],"class_list":["post-3052","post","type-post","status-publish","format-standard","has-post-thumbnail","hentry","category-polska","category-top-news"],"_links":{"self":[{"href":"https:\/\/radiopoloniawinnipeg.com\/index.php\/wp-json\/wp\/v2\/posts\/3052","targetHints":{"allow":["GET"]}}],"collection":[{"href":"https:\/\/radiopoloniawinnipeg.com\/index.php\/wp-json\/wp\/v2\/posts"}],"about":[{"href":"https:\/\/radiopoloniawinnipeg.com\/index.php\/wp-json\/wp\/v2\/types\/post"}],"author":[{"embeddable":true,"href":"https:\/\/radiopoloniawinnipeg.com\/index.php\/wp-json\/wp\/v2\/users\/3"}],"replies":[{"embeddable":true,"href":"https:\/\/radiopoloniawinnipeg.com\/index.php\/wp-json\/wp\/v2\/comments?post=3052"}],"version-history":[{"count":0,"href":"https:\/\/radiopoloniawinnipeg.com\/index.php\/wp-json\/wp\/v2\/posts\/3052\/revisions"}],"wp:featuredmedia":[{"embeddable":true,"href":"https:\/\/radiopoloniawinnipeg.com\/index.php\/wp-json\/wp\/v2\/media\/3053"}],"wp:attachment":[{"href":"https:\/\/radiopoloniawinnipeg.com\/index.php\/wp-json\/wp\/v2\/media?parent=3052"}],"wp:term":[{"taxonomy":"category","embeddable":true,"href":"https:\/\/radiopoloniawinnipeg.com\/index.php\/wp-json\/wp\/v2\/categories?post=3052"},{"taxonomy":"post_tag","embeddable":true,"href":"https:\/\/radiopoloniawinnipeg.com\/index.php\/wp-json\/wp\/v2\/tags?post=3052"}],"curies":[{"name":"wp","href":"https:\/\/api.w.org\/{rel}","templated":true}]}}