{"id":3064,"date":"2025-08-05T14:30:07","date_gmt":"2025-08-05T18:30:07","guid":{"rendered":"https:\/\/radiopoloniawinnipeg.com\/index.php\/2025\/08\/05\/dramat-w-zakladzie-pracy-35-latek-zaatakowal-nozem\/"},"modified":"2025-08-05T14:30:07","modified_gmt":"2025-08-05T18:30:07","slug":"dramat-w-zakladzie-pracy-35-latek-zaatakowal-nozem","status":"publish","type":"post","link":"https:\/\/radiopoloniawinnipeg.com\/index.php\/2025\/08\/05\/dramat-w-zakladzie-pracy-35-latek-zaatakowal-nozem\/","title":{"rendered":"Dramat w zak\u0142adzie pracy. 35-latek zaatakowa\u0142 no\u017cem"},"content":{"rendered":"<p><img decoding=\"async\" loading=\"lazy\" class=\"aligncenter size-custom-full-size wp-image-219699\" src=\"https:\/\/bejsment.com\/wp-content\/uploads\/2025\/08\/aagodkowo2-636x356.jpg\" alt=\"\" width=\"636\" height=\"356\" \/><\/p>\n<p><strong>Trzy osoby zosta\u0142y ranne w wyniku ataku no\u017cownika, do kt\u00f3rego dosz\u0142o w poniedzia\u0142ek w zak\u0142adzie pracy w Grodkowie (woj. opolskie). Napastnik, 35-letni obywatel Polski, zosta\u0142 zatrzymany po bezpo\u015brednim po\u015bcigu \u2013 poinformowa\u0142a m\u0142. asp. Marta Bia\u0142ek z Komendy Wojew\u00f3dzkiej Policji w Opolu.<\/strong><\/p>\n<p>Do ataku dosz\u0142o oko\u0142o godziny 14:00. Jak przekazali policjanci z powiatu brzeskiego, m\u0119\u017cczyzna wtargn\u0105\u0142 z no\u017cem na teren zak\u0142adu i zaatakowa\u0142 trzy osoby, w tym 33-letni\u0105 kobiet\u0119. Wszyscy poszkodowani trafili do szpitala.<\/p>\n<p>Policjanci kryminalni, kt\u00f3rzy przybyli na miejsce, natychmiast rozpocz\u0119li po\u015bcig za napastnikiem. 35-latek \u2013 mieszkaniec s\u0105siedniego powiatu nyskiego \u2013 zosta\u0142 zatrzymany przez funkcjonariuszy.<\/p>\n<p>\u015aledczy przes\u0142uchali ju\u017c \u015bwiadk\u00f3w zdarzenia i prowadz\u0105 intensywne czynno\u015bci, maj\u0105ce na celu ustalenie przebiegu i motyw\u00f3w ataku. Jak podaje policja, zarzuty wobec zatrzymanego prawdopodobnie zostan\u0105 przedstawione we wtorek.<\/p>\n<p style=\"text-align: right\"><em>Na podst. Polsat News<\/em><\/p>\n","protected":false},"excerpt":{"rendered":"<p>Trzy osoby zosta\u0142y ranne w wyniku ataku no\u017cownika, do kt\u00f3rego dosz\u0142o w poniedzia\u0142ek w zak\u0142adzie pracy w Grodkowie (woj. opolskie). Napastnik, 35-letni obywatel Polski, zosta\u0142&hellip;<\/p>\n","protected":false},"author":3,"featured_media":3065,"comment_status":"open","ping_status":"open","sticky":false,"template":"","format":"standard","meta":{"footnotes":""},"categories":[14,18],"tags":[],"class_list":["post-3064","post","type-post","status-publish","format-standard","has-post-thumbnail","hentry","category-polska","category-top-news"],"_links":{"self":[{"href":"https:\/\/radiopoloniawinnipeg.com\/index.php\/wp-json\/wp\/v2\/posts\/3064","targetHints":{"allow":["GET"]}}],"collection":[{"href":"https:\/\/radiopoloniawinnipeg.com\/index.php\/wp-json\/wp\/v2\/posts"}],"about":[{"href":"https:\/\/radiopoloniawinnipeg.com\/index.php\/wp-json\/wp\/v2\/types\/post"}],"author":[{"embeddable":true,"href":"https:\/\/radiopoloniawinnipeg.com\/index.php\/wp-json\/wp\/v2\/users\/3"}],"replies":[{"embeddable":true,"href":"https:\/\/radiopoloniawinnipeg.com\/index.php\/wp-json\/wp\/v2\/comments?post=3064"}],"version-history":[{"count":0,"href":"https:\/\/radiopoloniawinnipeg.com\/index.php\/wp-json\/wp\/v2\/posts\/3064\/revisions"}],"wp:featuredmedia":[{"embeddable":true,"href":"https:\/\/radiopoloniawinnipeg.com\/index.php\/wp-json\/wp\/v2\/media\/3065"}],"wp:attachment":[{"href":"https:\/\/radiopoloniawinnipeg.com\/index.php\/wp-json\/wp\/v2\/media?parent=3064"}],"wp:term":[{"taxonomy":"category","embeddable":true,"href":"https:\/\/radiopoloniawinnipeg.com\/index.php\/wp-json\/wp\/v2\/categories?post=3064"},{"taxonomy":"post_tag","embeddable":true,"href":"https:\/\/radiopoloniawinnipeg.com\/index.php\/wp-json\/wp\/v2\/tags?post=3064"}],"curies":[{"name":"wp","href":"https:\/\/api.w.org\/{rel}","templated":true}]}}