{"id":3070,"date":"2025-08-05T18:30:05","date_gmt":"2025-08-05T22:30:05","guid":{"rendered":"https:\/\/radiopoloniawinnipeg.com\/index.php\/2025\/08\/05\/wroclaw-z-odry-wylowiono-cialo-mlodego-mezczyzny\/"},"modified":"2025-08-05T18:30:05","modified_gmt":"2025-08-05T22:30:05","slug":"wroclaw-z-odry-wylowiono-cialo-mlodego-mezczyzny","status":"publish","type":"post","link":"https:\/\/radiopoloniawinnipeg.com\/index.php\/2025\/08\/05\/wroclaw-z-odry-wylowiono-cialo-mlodego-mezczyzny\/","title":{"rendered":"Wroc\u0142aw: Z Odry wy\u0142owiono cia\u0142o m\u0142odego m\u0119\u017cczyzny"},"content":{"rendered":"<p><img decoding=\"async\" loading=\"lazy\" class=\"aligncenter size-custom-full-size wp-image-219704\" src=\"https:\/\/bejsment.com\/wp-content\/uploads\/2025\/08\/aacialo-636x424.jpg\" alt=\"\" width=\"636\" height=\"424\" \/><\/p>\n<p><strong>W poniedzia\u0142ek wieczorem z Odry we Wroc\u0142awiu wy\u0142owiono cia\u0142o m\u0142odego m\u0119\u017cczyzny. Policja prowadzi dochodzenie w celu ustalenia to\u017csamo\u015bci zmar\u0142ego, poniewa\u017c przy zw\u0142okach nie znaleziono \u017cadnych dokument\u00f3w. Jak ustali\u0142 serwis polsatnews.pl, funkcjonariusze sprawdzaj\u0105, czy cia\u0142o nale\u017cy do 17-letniego Adama, kt\u00f3ry zagin\u0105\u0142 kilka dni wcze\u015bniej.<\/strong><\/p>\n<p>Zw\u0142oki zauwa\u017cono oko\u0142o godziny 20:00 na terenie Elektrowni Wodnej Wroc\u0142aw I. O obecno\u015bci cia\u0142a w wodzie s\u0142u\u017cby powiadomi\u0142 pracownik zak\u0142adu. Na miejsce skierowano ratownik\u00f3w WOPR, stra\u017c po\u017carn\u0105, funkcjonariuszy Komisariatu Wodnego Policji oraz prokuratora i grup\u0119 dochodzeniowo-\u015bledcz\u0105.<\/p>\n<p>\u2014 Ratownicy WOPR wraz z policjantami z Komisariatu Wodnego podj\u0119li cia\u0142o m\u0119\u017cczyzny z wody. Spraw\u0119 dalej prowadzi policja \u2014 przekazano w oficjalnym komunikacie.<\/p>\n<p>We wtorek nadal trwa ustalanie to\u017csamo\u015bci zmar\u0142ego i okoliczno\u015bci jego \u015bmierci. Policja nie wyklucza, \u017ce mo\u017ce chodzi\u0107 o 17-letniego Adama, kt\u00f3rego poszukiwano m.in. w okolicach, gdzie odnaleziono cia\u0142o. Jak poinformowa\u0142a podkom. Aleksandra Freus z KMP Wroc\u0142aw, zaplanowano okazanie zw\u0142ok rodzinie zaginionego.<\/p>\n<p>\u2014 Nie wykluczamy powi\u0105zania, ale jest za wcze\u015bnie, aby cokolwiek potwierdzi\u0107. Rodzina i dokumenty maj\u0105 pierwsze\u0144stwo. Na ten moment nie mo\u017cemy powiedzie\u0107 nic wi\u0119cej \u2014 zaznaczy\u0142a.<\/p>\n<p>Adam zagin\u0105\u0142 w nocy z 31 lipca na 1 sierpnia, gdy przyjecha\u0142 z kolegami do Wroc\u0142awia. Ostatni raz widziano go oko\u0142o godziny 1:10 na ulicy Ko\u015bciuszki. Po rozdzieleniu si\u0119 ze znajomymi, \u015blad po nim zagin\u0105\u0142.<\/p>\n<p style=\"text-align: right\"><em>Na podst. Polsat News<\/em><\/p>\n","protected":false},"excerpt":{"rendered":"<p>W poniedzia\u0142ek wieczorem z Odry we Wroc\u0142awiu wy\u0142owiono cia\u0142o m\u0142odego m\u0119\u017cczyzny. Policja prowadzi dochodzenie w celu ustalenia to\u017csamo\u015bci zmar\u0142ego, poniewa\u017c przy zw\u0142okach nie znaleziono \u017cadnych&hellip;<\/p>\n","protected":false},"author":3,"featured_media":3071,"comment_status":"open","ping_status":"open","sticky":false,"template":"","format":"standard","meta":{"footnotes":""},"categories":[14,18],"tags":[],"class_list":["post-3070","post","type-post","status-publish","format-standard","has-post-thumbnail","hentry","category-polska","category-top-news"],"_links":{"self":[{"href":"https:\/\/radiopoloniawinnipeg.com\/index.php\/wp-json\/wp\/v2\/posts\/3070","targetHints":{"allow":["GET"]}}],"collection":[{"href":"https:\/\/radiopoloniawinnipeg.com\/index.php\/wp-json\/wp\/v2\/posts"}],"about":[{"href":"https:\/\/radiopoloniawinnipeg.com\/index.php\/wp-json\/wp\/v2\/types\/post"}],"author":[{"embeddable":true,"href":"https:\/\/radiopoloniawinnipeg.com\/index.php\/wp-json\/wp\/v2\/users\/3"}],"replies":[{"embeddable":true,"href":"https:\/\/radiopoloniawinnipeg.com\/index.php\/wp-json\/wp\/v2\/comments?post=3070"}],"version-history":[{"count":0,"href":"https:\/\/radiopoloniawinnipeg.com\/index.php\/wp-json\/wp\/v2\/posts\/3070\/revisions"}],"wp:featuredmedia":[{"embeddable":true,"href":"https:\/\/radiopoloniawinnipeg.com\/index.php\/wp-json\/wp\/v2\/media\/3071"}],"wp:attachment":[{"href":"https:\/\/radiopoloniawinnipeg.com\/index.php\/wp-json\/wp\/v2\/media?parent=3070"}],"wp:term":[{"taxonomy":"category","embeddable":true,"href":"https:\/\/radiopoloniawinnipeg.com\/index.php\/wp-json\/wp\/v2\/categories?post=3070"},{"taxonomy":"post_tag","embeddable":true,"href":"https:\/\/radiopoloniawinnipeg.com\/index.php\/wp-json\/wp\/v2\/tags?post=3070"}],"curies":[{"name":"wp","href":"https:\/\/api.w.org\/{rel}","templated":true}]}}