{"id":3078,"date":"2025-08-06T08:30:07","date_gmt":"2025-08-06T12:30:07","guid":{"rendered":"https:\/\/radiopoloniawinnipeg.com\/index.php\/2025\/08\/06\/bialo-czerwony-marsz-dla-prezydenta\/"},"modified":"2025-08-06T08:30:07","modified_gmt":"2025-08-06T12:30:07","slug":"bialo-czerwony-marsz-dla-prezydenta","status":"publish","type":"post","link":"https:\/\/radiopoloniawinnipeg.com\/index.php\/2025\/08\/06\/bialo-czerwony-marsz-dla-prezydenta\/","title":{"rendered":"Bia\u0142o-czerwony marsz dla prezydenta"},"content":{"rendered":"<p><img decoding=\"async\" loading=\"lazy\" class=\"aligncenter size-custom-full-size wp-image-219778\" src=\"https:\/\/bejsment.com\/wp-content\/uploads\/2025\/08\/aamarsz-636x478.jpg\" alt=\"\" width=\"636\" height=\"478\" \/><\/p>\n<p><strong>Setki tysi\u0119cy ludzi z ca\u0142ej Polski przyjecha\u0142y dzi\u015b do Warszawy, by uczestniczy\u0107 w uroczysto\u015bciach zwi\u0105zanych z obj\u0119ciem urz\u0119du przez nowego prezydenta RP, Karola Nawrockiego.\u00a0<\/strong><\/p>\n<p>G\u0142\u00f3wne wydarzenia rozpocz\u0119\u0142y si\u0119 o godzinie 10:00 zaprzysi\u0119\u017ceniem nowego prezydenta przed Zgromadzeniem Narodowym. Wydarzenie transmitowane by\u0142o na \u017cywo przez wszystkie g\u0142\u00f3wne stacje telewizyjne i przyci\u0105gn\u0119\u0142o ogromn\u0105 uwag\u0119 opinii publicznej.<\/p>\n<p>R\u00f3wnolegle przez centrum stolicy przeszed\u0142 zorganizowany przez &#8220;Kluby Gazety Polskiej&#8221; \u201eBia\u0142o-czerwony Marsz dla Prezydenta\u201d, kt\u00f3ry \u2013 wed\u0142ug nieoficjalnych szacunk\u00f3w \u2013 zgromadzi\u0142 od 100 do nawet 140 tysi\u0119cy uczestnik\u00f3w. Marsz rozpocz\u0105\u0142 si\u0119 przy ul. Wiejskiej i przeszed\u0142 przez aleje Ujazdowskie, plac Trzech Krzy\u017cy, Nowy \u015awiat i Krakowskie Przedmie\u015bcie, ko\u0144cz\u0105c si\u0119 pod Pa\u0142acem Prezydenckim i na placu Zamkowym.<\/p>\n<p>Jak zapowiedzia\u0142 przysz\u0142y szef Kancelarii Prezydenta, Zbigniew Bogucki, w wydarzeniu brali udzia\u0142 obywatele \u201ez ka\u017cdego zak\u0105tka Polski\u201d. Uczestnicy nie\u015bli bia\u0142o-czerwone flagi, portrety nowego prezydenta oraz transparenty z patriotycznymi has\u0142ami. Ca\u0142a trasa marszu by\u0142a szczelnie zabezpieczana przez s\u0142u\u017cby porz\u0105dkowe.<\/p>\n<p>Po zaprzysi\u0119\u017ceniu Karol Nawrocki uda\u0142 si\u0119 do Bazyliki Archikatedralnej \u015bw. Jana Chrzciciela, gdzie odprawiona zosta\u0142a Msza \u015awi\u0119ta w intencji Ojczyzny i nowego prezydenta. Nast\u0119pnie na Zamku Kr\u00f3lewskim odby\u0142a si\u0119 uroczysto\u015b\u0107 inwestytury \u2013 Karol Nawrocki zosta\u0142 oficjalnie ustanowiony Wielkim Mistrzem Orderu Or\u0142a Bia\u0142ego oraz Orderu Odrodzenia Polski.<\/p>\n<p>Kolejnym punktem by\u0142a ceremonia oficjalnego wej\u015bcia Pary Prezydenckiej do Pa\u0142acu Prezydenckiego, a dzie\u0144 zako\u0144czy przej\u0119cie zwierzchnictwa nad Si\u0142ami Zbrojnymi RP na Placu Marsza\u0142ka J\u00f3zefa Pi\u0142sudskiego \u2013 uroczysto\u015b\u0107 ta trwa\u0142a w momencie publikacji niniejszej notki.<\/p>\n<h3><strong>Ogromne \u015brodki bezpiecze\u0144stwa<\/strong><\/h3>\n<p>Sto\u0142eczna policja przygotowa\u0142a zakrojon\u0105 na szerok\u0105 skal\u0119 operacj\u0119 zabezpieczaj\u0105c\u0105, kt\u00f3rej celem by\u0142o zapewnienie bezpiecze\u0144stwa zar\u00f3wno uczestnikom uroczysto\u015bci, jak i mieszka\u0144com Warszawy. Funkcjonariusze obecni byli nie tylko wzd\u0142u\u017c trasy marszu, lecz tak\u017ce w rejonach Sejmu, Pa\u0142acu Prezydenckiego, Zamku Kr\u00f3lewskiego oraz Placu Pi\u0142sudskiego.<\/p>\n<p>W dzia\u0142ania zaanga\u017cowano r\u00f3wnie\u017c oddzia\u0142y prewencji, policj\u0119 konn\u0105, jednostki antyterrorystyczne, funkcjonariuszy operuj\u0105cych po cywilnemu, a tak\u017ce wyspecjalizowane zespo\u0142y rozpoznawcze. Wzd\u0142u\u017c trasy ustawiono zapory antyterrorystyczne, a kluczowe obszary obj\u0119to ca\u0142odobowym monitoringiem.<\/p>\n<p>W operacj\u0119 bezpiecze\u0144stwa w\u0142\u0105czy\u0142a si\u0119 r\u00f3wnie\u017c S\u0142u\u017cba Ochrony Pa\u0144stwa oraz Sto\u0142eczne Centrum Bezpiecze\u0144stwa. Cho\u0107 wydarzenie przebiega\u0142o spokojnie, s\u0142u\u017cby pozostawa\u0142y w pe\u0142nej gotowo\u015bci.<\/p>\n<p style=\"text-align: right\"><em>Na podst. Polsat News, i.Pl, ND<\/em><\/p>\n","protected":false},"excerpt":{"rendered":"<p>Setki tysi\u0119cy ludzi z ca\u0142ej Polski przyjecha\u0142y dzi\u015b do Warszawy, by uczestniczy\u0107 w uroczysto\u015bciach zwi\u0105zanych z obj\u0119ciem urz\u0119du przez nowego prezydenta RP, Karola Nawrockiego.\u00a0 G\u0142\u00f3wne&hellip;<\/p>\n","protected":false},"author":3,"featured_media":3079,"comment_status":"open","ping_status":"open","sticky":false,"template":"","format":"standard","meta":{"footnotes":""},"categories":[14,18],"tags":[],"class_list":["post-3078","post","type-post","status-publish","format-standard","has-post-thumbnail","hentry","category-polska","category-top-news"],"_links":{"self":[{"href":"https:\/\/radiopoloniawinnipeg.com\/index.php\/wp-json\/wp\/v2\/posts\/3078","targetHints":{"allow":["GET"]}}],"collection":[{"href":"https:\/\/radiopoloniawinnipeg.com\/index.php\/wp-json\/wp\/v2\/posts"}],"about":[{"href":"https:\/\/radiopoloniawinnipeg.com\/index.php\/wp-json\/wp\/v2\/types\/post"}],"author":[{"embeddable":true,"href":"https:\/\/radiopoloniawinnipeg.com\/index.php\/wp-json\/wp\/v2\/users\/3"}],"replies":[{"embeddable":true,"href":"https:\/\/radiopoloniawinnipeg.com\/index.php\/wp-json\/wp\/v2\/comments?post=3078"}],"version-history":[{"count":0,"href":"https:\/\/radiopoloniawinnipeg.com\/index.php\/wp-json\/wp\/v2\/posts\/3078\/revisions"}],"wp:featuredmedia":[{"embeddable":true,"href":"https:\/\/radiopoloniawinnipeg.com\/index.php\/wp-json\/wp\/v2\/media\/3079"}],"wp:attachment":[{"href":"https:\/\/radiopoloniawinnipeg.com\/index.php\/wp-json\/wp\/v2\/media?parent=3078"}],"wp:term":[{"taxonomy":"category","embeddable":true,"href":"https:\/\/radiopoloniawinnipeg.com\/index.php\/wp-json\/wp\/v2\/categories?post=3078"},{"taxonomy":"post_tag","embeddable":true,"href":"https:\/\/radiopoloniawinnipeg.com\/index.php\/wp-json\/wp\/v2\/tags?post=3078"}],"curies":[{"name":"wp","href":"https:\/\/api.w.org\/{rel}","templated":true}]}}