{"id":3080,"date":"2025-08-06T10:30:08","date_gmt":"2025-08-06T14:30:08","guid":{"rendered":"https:\/\/radiopoloniawinnipeg.com\/index.php\/2025\/08\/06\/karol-nawrocki-nowym-trumpem-europejskie-media-o-zaprzysiezeniu-nowego-prezydenta\/"},"modified":"2025-08-06T10:30:08","modified_gmt":"2025-08-06T14:30:08","slug":"karol-nawrocki-nowym-trumpem-europejskie-media-o-zaprzysiezeniu-nowego-prezydenta","status":"publish","type":"post","link":"https:\/\/radiopoloniawinnipeg.com\/index.php\/2025\/08\/06\/karol-nawrocki-nowym-trumpem-europejskie-media-o-zaprzysiezeniu-nowego-prezydenta\/","title":{"rendered":"Karol Nawrocki &#8220;nowym Trumpem&#8221;. Europejskie media o zaprzysi\u0119\u017ceniu nowego prezydenta"},"content":{"rendered":"<div id=\"attachment_219826\" style=\"width: 646px\" class=\"wp-caption aligncenter\"><img decoding=\"async\" loading=\"lazy\" aria-describedby=\"caption-attachment-219826\" class=\"size-custom-full-size wp-image-219826\" src=\"https:\/\/bejsment.com\/wp-content\/uploads\/2025\/08\/aanawrocki3-636x397.jpg\" alt=\"\" width=\"636\" height=\"397\" \/><\/p>\n<p id=\"caption-attachment-219826\" class=\"wp-caption-text\">Screenshot<\/p>\n<\/div>\n<p><strong>Zaprzysi\u0119\u017cenie Karola Nawrockiego na urz\u0105d prezydenta RP nie przesz\u0142o bez echa w zagranicznej prasie. Media we Francji, na W\u0119grzech i w Czechach analizuj\u0105 jego polityczny profil, przewiduj\u0105 kierunki przysz\u0142ej polityki zagranicznej oraz relacje z rz\u0105dem Donalda Tuska. Komentatorzy zwracaj\u0105 uwag\u0119 na ideowe deklaracje nowego prezydenta, jego stosunek do Stan\u00f3w Zjednoczonych, Unii Europejskiej i Ukrainy, a tak\u017ce mo\u017cliwy konflikt na linii Pa\u0142ac Prezydencki \u2013 Rada Ministr\u00f3w.<\/strong><\/p>\n<h3><strong>Francja: \u201epolski Trump\u201d i katolicki patriota<\/strong><\/h3>\n<p>Francuski dziennik <em>Le Figaro<\/em> opisuje Karola Nawrockiego jako \u201eambitnego patriot\u0119\u201d i \u201eobro\u0144c\u0119 warto\u015bci katolickich\u201d. W kampanii wyborczej prezentowa\u0142 si\u0119 jako przeciwnik imigracji i zwolennik twardej linii wobec Brukseli. Gazeta przypomina, \u017ce Nawrocki zdoby\u0142 rozg\u0142os, gdy w 2016 roku publicznie skrytykowa\u0142 Lecha Wa\u0142\u0119s\u0119 \u2013 co mia\u0142o zwr\u00f3ci\u0107 na niego uwag\u0119 lidera PiS Jaros\u0142awa Kaczy\u0144skiego.<\/p>\n<p><em>Le Figaro<\/em> por\u00f3wnuje zwyci\u0119stwo Nawrockiego do sukcesu Donalda Trumpa w ameryka\u0144skich wyborach w 2024 roku, podkre\u015blaj\u0105c zbie\u017cno\u015b\u0107 hase\u0142 i postaw obu polityk\u00f3w. Wed\u0142ug dziennika, nowy prezydent mo\u017ce pr\u00f3bowa\u0107 ogranicza\u0107 dzia\u0142ania rz\u0105du Tuska przy pomocy weta, a na arenie mi\u0119dzynarodowej b\u0119dzie d\u0105\u017cy\u0142 do zacie\u015bniania relacji z USA.<\/p>\n<h3><strong>W\u0119gry: dystans polityczny mimo ideologicznej blisko\u015bci<\/strong><\/h3>\n<p>W w\u0119gierskiej prasie komentarze s\u0105 bardziej podzielone. Dziennik <em>Nepszava<\/em> zauwa\u017ca, \u017ce obj\u0119cie urz\u0119du przez Nawrockiego nie oznacza prze\u0142omu w relacjach polsko-w\u0119gierskich. Mimo ideologicznej blisko\u015bci PiS i partii Fidesz, polityka Viktora Orb\u00e1na \u2013 zw\u0142aszcza w kwestii Rosji \u2013 budzi w Warszawie nieufno\u015b\u0107, nawet w\u015br\u00f3d konserwatyst\u00f3w.<\/p>\n<p>Z kolei tygodnik <em>Mandiner<\/em>, uznawany za prorz\u0105dowy, ocenia prezydentur\u0119 Nawrockiego bardziej pozytywnie. Podkre\u015bla on jego zaanga\u017cowanie we wsp\u00f3\u0142prac\u0119 regionaln\u0105, zw\u0142aszcza w ramach Grupy Wyszehradzkiej. Eksperci cytowani przez tygodnik wskazuj\u0105 na zbie\u017cno\u015b\u0107 warto\u015bci mi\u0119dzy polskim prezydentem a w\u0119giersk\u0105 prawic\u0105, m.in. w kwestiach suwerenno\u015bci i obyczajowo\u015bci.<\/p>\n<h3><strong>Czechy: zapowied\u017a konfrontacji i ch\u0142\u00f3d wobec Ukrainy<\/strong><\/h3>\n<p>Komentarze pojawi\u0142y si\u0119 r\u00f3wnie\u017c w czeskich mediach. <em>Hospod\u00e1\u0159sk\u00e9 noviny<\/em> prognozuj\u0105 zaostrzenie konfliktu politycznego mi\u0119dzy prezydentem a rz\u0105dem Donalda Tuska. Zdaniem analityka Martina Ehla, Karol Nawrocki mo\u017ce odegra\u0107 aktywn\u0105 rol\u0119 w krajowej polityce i sta\u0107 si\u0119 g\u0142\u00f3wnym punktem oparcia dla prawicy w nadchodz\u0105cych latach.<\/p>\n<p>Czeskie media odnotowuj\u0105 tak\u017ce jego ostro\u017cno\u015b\u0107 wobec Ukrainy. Nowy prezydent sprzeciwia si\u0119 przyj\u0119ciu tego kraju do NATO, a cz\u0142onkostwo w Unii Europejskiej \u2013 jak zaznacza \u2013 powinno nast\u0105pi\u0107 dopiero po spe\u0142nieniu wszystkich wymaga\u0144. Nawrocki podnosi tak\u017ce kwestie historyczne, w tym potrzeb\u0119 rozliczenia si\u0119 Ukrainy z rzezi wo\u0142y\u0144skiej.<\/p>\n","protected":false},"excerpt":{"rendered":"<p>Screenshot Zaprzysi\u0119\u017cenie Karola Nawrockiego na urz\u0105d prezydenta RP nie przesz\u0142o bez echa w zagranicznej prasie. Media we Francji, na W\u0119grzech i w Czechach analizuj\u0105 jego&hellip;<\/p>\n","protected":false},"author":3,"featured_media":3081,"comment_status":"open","ping_status":"open","sticky":false,"template":"","format":"standard","meta":{"footnotes":""},"categories":[15,18],"tags":[],"class_list":["post-3080","post","type-post","status-publish","format-standard","has-post-thumbnail","hentry","category-swiat","category-top-news"],"_links":{"self":[{"href":"https:\/\/radiopoloniawinnipeg.com\/index.php\/wp-json\/wp\/v2\/posts\/3080","targetHints":{"allow":["GET"]}}],"collection":[{"href":"https:\/\/radiopoloniawinnipeg.com\/index.php\/wp-json\/wp\/v2\/posts"}],"about":[{"href":"https:\/\/radiopoloniawinnipeg.com\/index.php\/wp-json\/wp\/v2\/types\/post"}],"author":[{"embeddable":true,"href":"https:\/\/radiopoloniawinnipeg.com\/index.php\/wp-json\/wp\/v2\/users\/3"}],"replies":[{"embeddable":true,"href":"https:\/\/radiopoloniawinnipeg.com\/index.php\/wp-json\/wp\/v2\/comments?post=3080"}],"version-history":[{"count":0,"href":"https:\/\/radiopoloniawinnipeg.com\/index.php\/wp-json\/wp\/v2\/posts\/3080\/revisions"}],"wp:featuredmedia":[{"embeddable":true,"href":"https:\/\/radiopoloniawinnipeg.com\/index.php\/wp-json\/wp\/v2\/media\/3081"}],"wp:attachment":[{"href":"https:\/\/radiopoloniawinnipeg.com\/index.php\/wp-json\/wp\/v2\/media?parent=3080"}],"wp:term":[{"taxonomy":"category","embeddable":true,"href":"https:\/\/radiopoloniawinnipeg.com\/index.php\/wp-json\/wp\/v2\/categories?post=3080"},{"taxonomy":"post_tag","embeddable":true,"href":"https:\/\/radiopoloniawinnipeg.com\/index.php\/wp-json\/wp\/v2\/tags?post=3080"}],"curies":[{"name":"wp","href":"https:\/\/api.w.org\/{rel}","templated":true}]}}