{"id":3090,"date":"2025-08-06T16:15:06","date_gmt":"2025-08-06T20:15:06","guid":{"rendered":"https:\/\/radiopoloniawinnipeg.com\/index.php\/2025\/08\/06\/dron-z-ladunkiem-wybuchowym-spadl-na-litwie-nato-alarmowane\/"},"modified":"2025-08-06T16:15:06","modified_gmt":"2025-08-06T20:15:06","slug":"dron-z-ladunkiem-wybuchowym-spadl-na-litwie-nato-alarmowane","status":"publish","type":"post","link":"https:\/\/radiopoloniawinnipeg.com\/index.php\/2025\/08\/06\/dron-z-ladunkiem-wybuchowym-spadl-na-litwie-nato-alarmowane\/","title":{"rendered":"Dron z \u0142adunkiem wybuchowym spad\u0142 na Litwie. NATO alarmowane"},"content":{"rendered":"<p><img decoding=\"async\" loading=\"lazy\" class=\"aligncenter size-custom-full-size wp-image-219831\" src=\"https:\/\/bejsment.com\/wp-content\/uploads\/2025\/08\/aadronlitwa-636x318.jpg\" alt=\"\" width=\"636\" height=\"318\" \/><\/p>\n<p><strong>Litewskie s\u0142u\u017cby potwierdzi\u0142y, \u017ce dron, kt\u00f3ry w ubieg\u0142ym tygodniu naruszy\u0142 przestrze\u0144 powietrzn\u0105 kraju i rozbi\u0142 si\u0119 na wojskowym poligonie, by\u0142 wyposa\u017cony w \u0142adunek wybuchowy. To ju\u017c drugi tego typu incydent w ci\u0105gu ostatnich tygodni, co budzi rosn\u0105ce obawy o bezpiecze\u0144stwo Litwy i jej sojusznik\u00f3w z NATO.<\/strong><\/p>\n<p>Do zdarzenia dosz\u0142o na poligonie wojskowym Gai\u017ei\u016bnai w rejonie Jonava. Dron spad\u0142 tam w poniedzia\u0142ek, lecz zosta\u0142 odnaleziony dopiero cztery dni p\u00f3\u017aniej. Na miejscu urz\u0105dzenie zosta\u0142o zabezpieczone i zneutralizowane przez litewskich specjalist\u00f3w wojskowych.<\/p>\n<h3><strong>Dwa kilogramy materia\u0142\u00f3w wybuchowych<\/strong><\/h3>\n<p>P\u0142k Dainius Pa\u0161kevi\u010dius, szef sztabu Si\u0142 Powietrznych Litwy, poinformowa\u0142, \u017ce w dronie znajdowa\u0142y si\u0119 dwa kilogramy materia\u0142\u00f3w wybuchowych. Dla por\u00f3wnania \u2013 dron typu Shahed, o zbli\u017conej konstrukcji, mo\u017ce przenosi\u0107 nawet 50 kilogram\u00f3w \u0142adunku. Pa\u0161kevi\u010dius nie odpowiedzia\u0142 jednak na pytania, dlaczego \u0142adunek nie eksplodowa\u0142 i czy istnia\u0142o ryzyko wybuchu.<\/p>\n<h3><strong>Dron m\u00f3g\u0142 by\u0107 przeznaczony dla Ukrainy<\/strong><\/h3>\n<p>Minister obrony Litwy, Dovil\u0117 \u0160akalien\u0117, przyzna\u0142a, \u017ce najprawdopodobniej dron zosta\u0142 wystrzelony przez Rosj\u0119 w kierunku Ukrainy, ale zosta\u0142 zdezorientowany przez dzia\u0142ania obronne i przypadkowo wlecia\u0142 nad terytorium Litwy. \u2013 Nie mamy informacji, \u017ce zosta\u0142 wys\u0142any na Litw\u0119 celowo \u2013 podkre\u015bli\u0142a, dodaj\u0105c jednocze\u015bnie, \u017ce sytuacja jest \u201epowa\u017cna\u201d.<\/p>\n<h3><strong>Apel do NATO o wzmocnienie obrony powietrznej<\/strong><\/h3>\n<p>W\u0142adze w Wilnie ju\u017c poinformowa\u0142y Sekretarza Generalnego NATO o incydencie i zwr\u00f3ci\u0142y si\u0119 z formalnym wnioskiem o dodatkowe wsparcie w zakresie obrony powietrznej.<\/p>\n<p>Minister spraw zagranicznych K\u0119stutis Budrys zaznaczy\u0142, \u017ce sytuacja dotyczy nie tylko Litwy, ale ca\u0142ej Unii Europejskiej i Sojuszu P\u00f3\u0142nocnoatlantyckiego. \u2013 Podpisali\u015bmy list do Sekretarza Generalnego NATO, w kt\u00f3rym domagamy si\u0119 dodatkowych \u015brodk\u00f3w ochrony. Poinformowali\u015bmy naszych sojusznik\u00f3w o wst\u0119pnych ustaleniach \u015bledztwa \u2013 powiedzia\u0142.<\/p>\n<p>To ju\u017c drugi w ostatnich tygodniach przypadek naruszenia litewskiej przestrzeni powietrznej przez dron pochodz\u0105cy z Bia\u0142orusi. Narastaj\u0105ce zagro\u017cenie sk\u0142ania Litw\u0119 do szukania twardszych gwarancji bezpiecze\u0144stwa w ramach NATO.<\/p>\n","protected":false},"excerpt":{"rendered":"<p>Litewskie s\u0142u\u017cby potwierdzi\u0142y, \u017ce dron, kt\u00f3ry w ubieg\u0142ym tygodniu naruszy\u0142 przestrze\u0144 powietrzn\u0105 kraju i rozbi\u0142 si\u0119 na wojskowym poligonie, by\u0142 wyposa\u017cony w \u0142adunek wybuchowy. To&hellip;<\/p>\n","protected":false},"author":3,"featured_media":3091,"comment_status":"open","ping_status":"open","sticky":false,"template":"","format":"standard","meta":{"footnotes":""},"categories":[15,18],"tags":[],"class_list":["post-3090","post","type-post","status-publish","format-standard","has-post-thumbnail","hentry","category-swiat","category-top-news"],"_links":{"self":[{"href":"https:\/\/radiopoloniawinnipeg.com\/index.php\/wp-json\/wp\/v2\/posts\/3090","targetHints":{"allow":["GET"]}}],"collection":[{"href":"https:\/\/radiopoloniawinnipeg.com\/index.php\/wp-json\/wp\/v2\/posts"}],"about":[{"href":"https:\/\/radiopoloniawinnipeg.com\/index.php\/wp-json\/wp\/v2\/types\/post"}],"author":[{"embeddable":true,"href":"https:\/\/radiopoloniawinnipeg.com\/index.php\/wp-json\/wp\/v2\/users\/3"}],"replies":[{"embeddable":true,"href":"https:\/\/radiopoloniawinnipeg.com\/index.php\/wp-json\/wp\/v2\/comments?post=3090"}],"version-history":[{"count":0,"href":"https:\/\/radiopoloniawinnipeg.com\/index.php\/wp-json\/wp\/v2\/posts\/3090\/revisions"}],"wp:featuredmedia":[{"embeddable":true,"href":"https:\/\/radiopoloniawinnipeg.com\/index.php\/wp-json\/wp\/v2\/media\/3091"}],"wp:attachment":[{"href":"https:\/\/radiopoloniawinnipeg.com\/index.php\/wp-json\/wp\/v2\/media?parent=3090"}],"wp:term":[{"taxonomy":"category","embeddable":true,"href":"https:\/\/radiopoloniawinnipeg.com\/index.php\/wp-json\/wp\/v2\/categories?post=3090"},{"taxonomy":"post_tag","embeddable":true,"href":"https:\/\/radiopoloniawinnipeg.com\/index.php\/wp-json\/wp\/v2\/tags?post=3090"}],"curies":[{"name":"wp","href":"https:\/\/api.w.org\/{rel}","templated":true}]}}