{"id":3108,"date":"2025-08-07T10:15:06","date_gmt":"2025-08-07T14:15:06","guid":{"rendered":"https:\/\/radiopoloniawinnipeg.com\/index.php\/2025\/08\/07\/bakiewicz-o-decyzji-prokuratury-to-bezprawie-i-zemsta-tuska\/"},"modified":"2025-08-07T10:15:06","modified_gmt":"2025-08-07T14:15:06","slug":"bakiewicz-o-decyzji-prokuratury-to-bezprawie-i-zemsta-tuska","status":"publish","type":"post","link":"https:\/\/radiopoloniawinnipeg.com\/index.php\/2025\/08\/07\/bakiewicz-o-decyzji-prokuratury-to-bezprawie-i-zemsta-tuska\/","title":{"rendered":"B\u0105kiewicz o decyzji prokuratury: \u201eTo bezprawie i zemsta Tuska\u201d"},"content":{"rendered":"<p><img decoding=\"async\" loading=\"lazy\" class=\"aligncenter size-custom-full-size wp-image-219909\" src=\"https:\/\/bejsment.com\/wp-content\/uploads\/2025\/08\/aaRobertBakiewicz-636x424.jpg\" alt=\"\" width=\"636\" height=\"424\" \/><\/p>\n<p><strong>Robert B\u0105kiewicz, lider Ruchu Obrony Granic, ostro skomentowa\u0142 decyzj\u0119 Prokuratury Krajowej, kt\u00f3ra nie uwzgl\u0119dni\u0142a wniosku o wy\u0142\u0105czenie prokuratora prowadz\u0105cego spraw\u0119, w kt\u00f3rej dzia\u0142acz ma us\u0142ysze\u0107 zarzuty. Chodzi o zniewa\u017cenie czterech funkcjonariuszy Stra\u017cy Granicznej i \u017bandarmerii Wojskowej na granicy polsko-niemieckiej. B\u0105kiewicz mia\u0142 nazwa\u0107 ich \u201ezdrajcami\u201d.<\/strong><\/p>\n<p>W emocjonalnym wpisie opublikowanym na platformie X (dawniej Twitter) B\u0105kiewicz zarzuci\u0142 prokuraturze dzia\u0142anie niezgodne z prawem i polityczne motywacje.<\/p>\n<p>\u2013 To czyste bezprawie, polityczna hucpa i ordynarny zamach na pa\u0144stwo prawa \u2013 napisa\u0142.<\/p>\n<h3><strong>\u201eNazywam si\u0119 Robert B\u0105kiewicz i nie mam zamiaru si\u0119 tego wstydzi\u0107\u201d<\/strong><\/h3>\n<p>B\u0105kiewicz rozpocz\u0105\u0142 sw\u00f3j wpis od sprzeciwu wobec anonimowego przedstawiania go w komunikatach prokuratury:<br \/>\n\u2013 Nie \u017cycz\u0119 sobie, by nazywano mnie \u201eRobert B.\u201d. Nazywam si\u0119 Robert B\u0105kiewicz i nie mam zamiaru wstydzi\u0107 si\u0119 swojego nazwiska \u2013 stwierdzi\u0142.<\/p>\n<p>Ostre s\u0142owa pad\u0142y tak\u017ce pod adresem Dariusza Korneluka, obecnego Prokuratora Krajowego. B\u0105kiewicz zakwestionowa\u0142 jego legitymacj\u0119 do sprawowania funkcji, nazywaj\u0105c go \u201ebezczelnym uzurpatorem\u201d.<\/p>\n<p>\u2013 Jedynym legalnym Prokuratorem Krajowym jest Dariusz Barski. Tylko on ma prawo rozstrzyga\u0107 o wnioskach prokurator\u00f3w referent\u00f3w \u2013 napisa\u0142 lider ROG. \u2013 Korneluk i jego banda odpowiedz\u0105 za to bezprawie.<\/p>\n<h3><strong>\u201eZemsta Tuska\u201d i oskar\u017cenia o represje<\/strong><\/h3>\n<p>W dalszej cz\u0119\u015bci wpisu B\u0105kiewicz oceni\u0142 dzia\u0142ania prokuratury jako element politycznej zemsty.<\/p>\n<p>\u2013 To zemsta Tuska za to, \u017ce obudzili\u015bmy Polak\u00f3w w sprawie migracji. Pr\u00f3buje si\u0119 m\u015bci\u0107 na mnie i na ca\u0142ym Ruchu Obrony Granic, bo stali\u015bmy si\u0119 realnym zagro\u017ceniem dla jego antypolskich plan\u00f3w \u2013 przekonuje.<\/p>\n<p>Zarzuty wobec B\u0105kiewicza maj\u0105 zosta\u0107 postawione pomimo wniosku jednego z prokurator\u00f3w z Gorzowa Wielkopolskiego o wy\u0142\u0105czenie go ze sprawy. Prokurator argumentowa\u0142, \u017ce materia\u0142 dowodowy wymaga uzupe\u0142nienia. Jednak Dariusz Korneluk nie uwzgl\u0119dni\u0142 tego wniosku, uznaj\u0105c, \u017ce nie by\u0142o podstaw do wy\u0142\u0105czenia i \u017ce czynno\u015bci prowadzone s\u0105 zgodnie z obowi\u0105zuj\u0105cymi przepisami.<\/p>\n<p style=\"text-align: right\"><em>Na podst. Polsat News<\/em><\/p>\n","protected":false},"excerpt":{"rendered":"<p>Robert B\u0105kiewicz, lider Ruchu Obrony Granic, ostro skomentowa\u0142 decyzj\u0119 Prokuratury Krajowej, kt\u00f3ra nie uwzgl\u0119dni\u0142a wniosku o wy\u0142\u0105czenie prokuratora prowadz\u0105cego spraw\u0119, w kt\u00f3rej dzia\u0142acz ma us\u0142ysze\u0107&hellip;<\/p>\n","protected":false},"author":3,"featured_media":3109,"comment_status":"open","ping_status":"open","sticky":false,"template":"","format":"standard","meta":{"footnotes":""},"categories":[14,18],"tags":[],"class_list":["post-3108","post","type-post","status-publish","format-standard","has-post-thumbnail","hentry","category-polska","category-top-news"],"_links":{"self":[{"href":"https:\/\/radiopoloniawinnipeg.com\/index.php\/wp-json\/wp\/v2\/posts\/3108","targetHints":{"allow":["GET"]}}],"collection":[{"href":"https:\/\/radiopoloniawinnipeg.com\/index.php\/wp-json\/wp\/v2\/posts"}],"about":[{"href":"https:\/\/radiopoloniawinnipeg.com\/index.php\/wp-json\/wp\/v2\/types\/post"}],"author":[{"embeddable":true,"href":"https:\/\/radiopoloniawinnipeg.com\/index.php\/wp-json\/wp\/v2\/users\/3"}],"replies":[{"embeddable":true,"href":"https:\/\/radiopoloniawinnipeg.com\/index.php\/wp-json\/wp\/v2\/comments?post=3108"}],"version-history":[{"count":0,"href":"https:\/\/radiopoloniawinnipeg.com\/index.php\/wp-json\/wp\/v2\/posts\/3108\/revisions"}],"wp:featuredmedia":[{"embeddable":true,"href":"https:\/\/radiopoloniawinnipeg.com\/index.php\/wp-json\/wp\/v2\/media\/3109"}],"wp:attachment":[{"href":"https:\/\/radiopoloniawinnipeg.com\/index.php\/wp-json\/wp\/v2\/media?parent=3108"}],"wp:term":[{"taxonomy":"category","embeddable":true,"href":"https:\/\/radiopoloniawinnipeg.com\/index.php\/wp-json\/wp\/v2\/categories?post=3108"},{"taxonomy":"post_tag","embeddable":true,"href":"https:\/\/radiopoloniawinnipeg.com\/index.php\/wp-json\/wp\/v2\/tags?post=3108"}],"curies":[{"name":"wp","href":"https:\/\/api.w.org\/{rel}","templated":true}]}}