{"id":3136,"date":"2025-08-08T14:15:05","date_gmt":"2025-08-08T18:15:05","guid":{"rendered":"https:\/\/radiopoloniawinnipeg.com\/index.php\/2025\/08\/08\/pijany-pilot-za-sterami-samolotu\/"},"modified":"2025-08-08T14:15:05","modified_gmt":"2025-08-08T18:15:05","slug":"pijany-pilot-za-sterami-samolotu","status":"publish","type":"post","link":"https:\/\/radiopoloniawinnipeg.com\/index.php\/2025\/08\/08\/pijany-pilot-za-sterami-samolotu\/","title":{"rendered":"Pijany pilot za sterami samolotu"},"content":{"rendered":"<p><img decoding=\"async\" loading=\"lazy\" class=\"aligncenter size-custom-full-size wp-image-220017\" src=\"https:\/\/bejsment.com\/wp-content\/uploads\/2025\/08\/aapilot-636x358.jpg\" alt=\"\" width=\"636\" height=\"358\" \/><\/p>\n<p><strong>41-letni m\u0119\u017cczyzna odpowie przed s\u0105dem za pilotowanie samolotu w stanie nietrze\u017awo\u015bci. Zatrzymano go na lotnisku Katowice-Muchowiec po kr\u00f3tkim locie, podczas kt\u00f3rego \u2013 wed\u0142ug ustale\u0144 policji \u2013 mia\u0142 w organi\u017amie ponad 0,5 promila alkoholu.<\/strong><\/p>\n<p>Zg\u0142oszenie o podejrzeniu nietrze\u017awego pilota wp\u0142yn\u0119\u0142o do katowickiej komendy w \u015brod\u0119 po godzinie 17:00. \u015awiadkowie poinformowali, \u017ce m\u0119\u017cczyzna przygotowuje si\u0119 do startu lekkim samolotem. Po locie, kt\u00f3ry zako\u0144czy\u0142 si\u0119 bez incydent\u00f3w i bez pasa\u017cer\u00f3w na pok\u0142adzie, na miejscu pojawili si\u0119 funkcjonariusze drog\u00f3wki. Badanie potwierdzi\u0142o, \u017ce pilot by\u0142 pod wp\u0142ywem alkoholu.<\/p>\n<h3><strong>Lot prywatny, ale konsekwencje powa\u017cne<\/strong><\/h3>\n<p>Do zdarzenia dosz\u0142o w Aeroklubie \u015al\u0105skim, jednak \u2013 jak podaje portal katowice24.pl \u2013 m\u0119\u017cczyzna nie jest cz\u0142onkiem organizacji. Korzysta z lotniska prywatnie i tam bazuje sw\u00f3j samolot. Teraz grozi mu kara do trzech lat pozbawienia wolno\u015bci.<\/p>\n<h3><strong>Apel Policji: \u017cadnego alkoholu przed lotem<\/strong><\/h3>\n<p>\u015al\u0105ska policja przypomina, \u017ce alkohol \u2013 nawet w minimalnych dawkach \u2013 wp\u0142ywa na koncentracj\u0119, orientacj\u0119 przestrzenn\u0105 i czas reakcji, co w przypadku lotu stwarza bezpo\u015brednie zagro\u017cenie \u017cycia.<\/p>\n<p>\u2013 Apelujemy o rozs\u0105dek i przypominamy, \u017ce alkohol wyklucza mo\u017cliwo\u015b\u0107 bezpiecznego prowadzenia jakichkolwiek pojazd\u00f3w, w\u0142\u0105cznie ze statkami powietrznymi \u2013 podkre\u015blaj\u0105 funkcjonariusze.<\/p>\n<p style=\"text-align: right\"><em>Na podst. Polsat News<\/em><\/p>\n","protected":false},"excerpt":{"rendered":"<p>41-letni m\u0119\u017cczyzna odpowie przed s\u0105dem za pilotowanie samolotu w stanie nietrze\u017awo\u015bci. Zatrzymano go na lotnisku Katowice-Muchowiec po kr\u00f3tkim locie, podczas kt\u00f3rego \u2013 wed\u0142ug ustale\u0144 policji&hellip;<\/p>\n","protected":false},"author":3,"featured_media":3137,"comment_status":"open","ping_status":"open","sticky":false,"template":"","format":"standard","meta":{"footnotes":""},"categories":[14,18],"tags":[],"class_list":["post-3136","post","type-post","status-publish","format-standard","has-post-thumbnail","hentry","category-polska","category-top-news"],"_links":{"self":[{"href":"https:\/\/radiopoloniawinnipeg.com\/index.php\/wp-json\/wp\/v2\/posts\/3136","targetHints":{"allow":["GET"]}}],"collection":[{"href":"https:\/\/radiopoloniawinnipeg.com\/index.php\/wp-json\/wp\/v2\/posts"}],"about":[{"href":"https:\/\/radiopoloniawinnipeg.com\/index.php\/wp-json\/wp\/v2\/types\/post"}],"author":[{"embeddable":true,"href":"https:\/\/radiopoloniawinnipeg.com\/index.php\/wp-json\/wp\/v2\/users\/3"}],"replies":[{"embeddable":true,"href":"https:\/\/radiopoloniawinnipeg.com\/index.php\/wp-json\/wp\/v2\/comments?post=3136"}],"version-history":[{"count":0,"href":"https:\/\/radiopoloniawinnipeg.com\/index.php\/wp-json\/wp\/v2\/posts\/3136\/revisions"}],"wp:featuredmedia":[{"embeddable":true,"href":"https:\/\/radiopoloniawinnipeg.com\/index.php\/wp-json\/wp\/v2\/media\/3137"}],"wp:attachment":[{"href":"https:\/\/radiopoloniawinnipeg.com\/index.php\/wp-json\/wp\/v2\/media?parent=3136"}],"wp:term":[{"taxonomy":"category","embeddable":true,"href":"https:\/\/radiopoloniawinnipeg.com\/index.php\/wp-json\/wp\/v2\/categories?post=3136"},{"taxonomy":"post_tag","embeddable":true,"href":"https:\/\/radiopoloniawinnipeg.com\/index.php\/wp-json\/wp\/v2\/tags?post=3136"}],"curies":[{"name":"wp","href":"https:\/\/api.w.org\/{rel}","templated":true}]}}