{"id":3140,"date":"2025-08-08T17:15:03","date_gmt":"2025-08-08T21:15:03","guid":{"rendered":"https:\/\/radiopoloniawinnipeg.com\/index.php\/2025\/08\/08\/policjant-z-winnipeg-oskarzony-o-powazne-przestepstwa-w-tym-handel-narkotykami-i-wykonanie-intymnych-zdjec-zmarlej-kobiety\/"},"modified":"2025-08-08T17:15:03","modified_gmt":"2025-08-08T21:15:03","slug":"policjant-z-winnipeg-oskarzony-o-powazne-przestepstwa-w-tym-handel-narkotykami-i-wykonanie-intymnych-zdjec-zmarlej-kobiety","status":"publish","type":"post","link":"https:\/\/radiopoloniawinnipeg.com\/index.php\/2025\/08\/08\/policjant-z-winnipeg-oskarzony-o-powazne-przestepstwa-w-tym-handel-narkotykami-i-wykonanie-intymnych-zdjec-zmarlej-kobiety\/","title":{"rendered":"Policjant z Winnipeg oskar\u017cony o powa\u017cne przest\u0119pstwa, w tym handel narkotykami i wykonanie intymnych zdj\u0119\u0107 zmar\u0142ej kobiety"},"content":{"rendered":"<p><img decoding=\"async\" loading=\"lazy\" class=\"aligncenter size-custom-full-size wp-image-219980\" src=\"https:\/\/bejsment.com\/wp-content\/uploads\/2025\/08\/www-636x360.jpg\" alt=\"\" width=\"636\" height=\"360\" \/><\/p>\n<p><strong>Starszy funkcjonariusz policji w Winnipeg zosta\u0142 zatrzymany w zwi\u0105zku z kolejnymi, powa\u017cnymi zarzutami. To ju\u017c kolejny etap tocz\u0105cego si\u0119 od zesz\u0142ego roku \u015bledztwa. Nowe dowody, zdobyte podczas przeszukania jego urz\u0105dze\u0144 elektronicznych, pozwoli\u0142y na postawienie mu kolejnych zarzut\u00f3w, m.in. dotycz\u0105cych handlu narkotykami oraz wykonania i rozpowszechnienia fotografii cz\u0119\u015bciowo nagiego cia\u0142a zmar\u0142ej kobiety.<\/strong><\/p>\n<p>Policja poinformowa\u0142a w czwartek, \u017ce nowe ustalenia uzyskano dzie\u0144 wcze\u015bniej. R\u00f3wnocze\u015bnie zatrzymano innego funkcjonariusza, posterunkowego Vernona Strutinsky\u2019ego, kt\u00f3ry ma za sob\u0105 15-letni\u0105 s\u0142u\u017cb\u0119. Postawiono mu zarzuty w\u0142amania w celu szanta\u017cu oraz nadu\u017cycia zaufania. Wed\u0142ug \u015bledczych wsp\u00f3\u0142pracowa\u0142 z Bostockiem przy nielegalnych dzia\u0142aniach.<\/p>\n<p>\u2014 To bardzo powa\u017cne oskar\u017cenia, sprzeczne z zasadami, jakimi kieruje si\u0119 nasza formacja. Podwa\u017caj\u0105 one nasz\u0105 wiarygodno\u015b\u0107 i nadszarpuj\u0105 spo\u0142eczne zaufanie \u2014 powiedzia\u0142 szef policji w Winnipeg, Gene Bowers, podczas czwartkowej konferencji prasowej.<\/p>\n<p>\u015aledztwo trwa\u0142o 16 miesi\u0119cy i dotyczy\u0142o dzia\u0142a\u0144, kt\u00f3re mia\u0142y miejsce zar\u00f3wno w trakcie s\u0142u\u017cby, jak i poza ni\u0105, pocz\u0105wszy od 2016 roku. Z analizy danych telefonicznych wynika, \u017ce Bostock mia\u0142 uczestniczy\u0107 w co najmniej 84 transakcjach narkotykowych mi\u0119dzy styczniem 2016 r. a 6 listopada 2024 r. Sprzedawa\u0142 m.in. kokain\u0119, amfetamin\u0119 i oksykodon. Dodatkowo w jego szafce w komisariacie zabezpieczono kokain\u0119 oraz psylocybin\u0119.<\/p>\n<p>Bostock jest tak\u017ce podejrzany o pr\u00f3b\u0119 wp\u0142ywania na wymiar sprawiedliwo\u015bci \u2014 pr\u00f3bowa\u0142 anulowa\u0107 mandaty drogowe mi\u0119dzy lutym 2016 r. a sierpniem 2024 r. \u015aledczy twierdz\u0105 r\u00f3wnie\u017c, \u017ce w listopadzie ubieg\u0142ego roku uzyska\u0142 nielegalny dost\u0119p do poufnych danych i przekaza\u0142 je osobom trzecim.<\/p>\n<p>Kolejne zarzuty dotycz\u0105 kradzie\u017cy amunicji, kt\u00f3r\u0105 mia\u0142 przekaza\u0107 znajomemu po udziale w szkoleniach strzeleckich odbywaj\u0105cych si\u0119 w latach 2019\u20132024. Najbardziej szokuj\u0105ce s\u0105 jednak ustalenia zwi\u0105zane ze zniewa\u017ceniem zw\u0142ok \u2014 w maju 2021 r. w jednym z dom\u00f3w pogrzebowych mia\u0142 sfotografowa\u0107 nag\u0105 cz\u0119\u015b\u0107 cia\u0142a zmar\u0142ej kobiety, a nast\u0119pnie przes\u0142a\u0107 zdj\u0119cie innemu funkcjonariuszowi.<\/p>\n<p>Policja podkre\u015bla, \u017ce funkcjonariusz zosta\u0142 aresztowany w \u015brod\u0119. Jednocze\u015bnie szef policji zapowiedzia\u0142 szereg dzia\u0142a\u0144 naprawczych. W ramach wewn\u0119trznego nadzoru do zespo\u0142u ds. standard\u00f3w zawodowych do\u0142\u0105czy trzech niezale\u017cnych \u015bledczych, kt\u00f3rzy maj\u0105 zaj\u0105\u0107 si\u0119 t\u0105 spraw\u0105.<\/p>\n<p>Bowers zaapelowa\u0142 r\u00f3wnie\u017c do ministra sprawiedliwo\u015bci Manitoby o wprowadzenie jednolitego kodeksu etyki dla policjant\u00f3w oraz o obowi\u0105zek ujawniania kar dyscyplinarnych wobec funkcjonariuszy dopuszczaj\u0105cych si\u0119 nadu\u017cy\u0107. \u2014 Te zarzuty nie odzwierciedlaj\u0105 postawy wi\u0119kszo\u015bci naszych oddanych funkcjonariuszy. Traktujemy spraw\u0119 z pe\u0142n\u0105 powag\u0105 \u2014 zapewni\u0142.<\/p>\n","protected":false},"excerpt":{"rendered":"<p>Starszy funkcjonariusz policji w Winnipeg zosta\u0142 zatrzymany w zwi\u0105zku z kolejnymi, powa\u017cnymi zarzutami. To ju\u017c kolejny etap tocz\u0105cego si\u0119 od zesz\u0142ego roku \u015bledztwa. Nowe dowody,&hellip;<\/p>\n","protected":false},"author":3,"featured_media":3141,"comment_status":"open","ping_status":"open","sticky":false,"template":"","format":"standard","meta":{"footnotes":""},"categories":[12,18],"tags":[],"class_list":["post-3140","post","type-post","status-publish","format-standard","has-post-thumbnail","hentry","category-kanada","category-top-news"],"_links":{"self":[{"href":"https:\/\/radiopoloniawinnipeg.com\/index.php\/wp-json\/wp\/v2\/posts\/3140","targetHints":{"allow":["GET"]}}],"collection":[{"href":"https:\/\/radiopoloniawinnipeg.com\/index.php\/wp-json\/wp\/v2\/posts"}],"about":[{"href":"https:\/\/radiopoloniawinnipeg.com\/index.php\/wp-json\/wp\/v2\/types\/post"}],"author":[{"embeddable":true,"href":"https:\/\/radiopoloniawinnipeg.com\/index.php\/wp-json\/wp\/v2\/users\/3"}],"replies":[{"embeddable":true,"href":"https:\/\/radiopoloniawinnipeg.com\/index.php\/wp-json\/wp\/v2\/comments?post=3140"}],"version-history":[{"count":0,"href":"https:\/\/radiopoloniawinnipeg.com\/index.php\/wp-json\/wp\/v2\/posts\/3140\/revisions"}],"wp:featuredmedia":[{"embeddable":true,"href":"https:\/\/radiopoloniawinnipeg.com\/index.php\/wp-json\/wp\/v2\/media\/3141"}],"wp:attachment":[{"href":"https:\/\/radiopoloniawinnipeg.com\/index.php\/wp-json\/wp\/v2\/media?parent=3140"}],"wp:term":[{"taxonomy":"category","embeddable":true,"href":"https:\/\/radiopoloniawinnipeg.com\/index.php\/wp-json\/wp\/v2\/categories?post=3140"},{"taxonomy":"post_tag","embeddable":true,"href":"https:\/\/radiopoloniawinnipeg.com\/index.php\/wp-json\/wp\/v2\/tags?post=3140"}],"curies":[{"name":"wp","href":"https:\/\/api.w.org\/{rel}","templated":true}]}}