{"id":3148,"date":"2025-08-09T07:30:06","date_gmt":"2025-08-09T11:30:06","guid":{"rendered":"https:\/\/radiopoloniawinnipeg.com\/index.php\/2025\/08\/09\/nawrocki-wkrotce-odbedzie-oficjalna-wizyte-w-bialym-domu\/"},"modified":"2025-08-09T07:30:06","modified_gmt":"2025-08-09T11:30:06","slug":"nawrocki-wkrotce-odbedzie-oficjalna-wizyte-w-bialym-domu","status":"publish","type":"post","link":"https:\/\/radiopoloniawinnipeg.com\/index.php\/2025\/08\/09\/nawrocki-wkrotce-odbedzie-oficjalna-wizyte-w-bialym-domu\/","title":{"rendered":"Nawrocki wkr\u00f3tce odb\u0119dzie oficjaln\u0105 wizyt\u0119 w Bia\u0142ym Domu"},"content":{"rendered":"<p><img decoding=\"async\" loading=\"lazy\" class=\"aligncenter size-custom-full-size wp-image-220135\" src=\"https:\/\/bejsment.com\/wp-content\/uploads\/2025\/08\/aatrumpnawrocki-636x358.jpg\" alt=\"\" width=\"636\" height=\"358\" \/><\/p>\n<p><strong>Prezydent USA Donald Trump zaprosi\u0142 prezydenta RP Karola Nawrockiego do Bia\u0142ego Domu na oficjalne spotkanie robocze \u2013 poinformowa\u0142 w mediach spo\u0142eczno\u015bciowych szef gabinetu prezydenta, Pawe\u0142 Szefernaker.<\/strong><\/p>\n<p>Do spotkania dojdzie 3 wrze\u015bnia tego roku, z inicjatywy ameryka\u0144skiego przyw\u00f3dcy. Zaproszenie znalaz\u0142o si\u0119 ju\u017c w li\u015bcie gratulacyjnym, jaki Trump przekaza\u0142 Nawrockiemu w dniu jego zaprzysi\u0119\u017cenia. Szefernaker podkre\u015bli\u0142, \u017ce wizyta w Waszyngtonie b\u0119dzie realizacj\u0105 jednej z obietnic wyborczych nowego prezydenta.<\/p>\n<p>Nie b\u0119dzie to jednak pierwsze spotkanie obu polityk\u00f3w. Karol Nawrocki odwiedzi\u0142 Bia\u0142y Dom 1 maja, jeszcze jako kandydat w wyborach prezydenckich. Wcze\u015bniej spotka\u0142 si\u0119 z kongresmenami i przedstawicielami administracji USA, a tak\u017ce z sekretarzem stanu Marco Rubio. \u2013 Dosta\u0142em zaproszenie na t\u0119 seri\u0119 spotka\u0144. Pokazuj\u0105 one, \u017ce przysz\u0142y prezydent Polski mo\u017ce zadba\u0107 o relacje polsko-ameryka\u0144skie \u2013 m\u00f3wi\u0142 w\u00f3wczas Nawrocki. W mediach spo\u0142eczno\u015bciowych opublikowa\u0142 zdj\u0119cie z Trumpem, opatruj\u0105c je komentarzem: \u201e\u015awietne spotkanie z prezydentem Stan\u00f3w Zjednoczonych. To by\u0142 zaszczyt rozmawia\u0107 o \u015bwietlanej przysz\u0142o\u015bci relacji Polska\u2013USA\u201d.<\/p>\n<p>W pierwszych dniach czerwca, jako prezydent-elekt, Nawrocki odby\u0142 rozmow\u0119 telefoniczn\u0105 z Trumpem. Jak relacjonowa\u0142, dotyczy\u0142a ona \u201ebliskich relacji sojuszniczych i partnerskich stosunk\u00f3w politycznych\u201d. W\u00f3wczas zaprosi\u0142 te\u017c ameryka\u0144skiego przyw\u00f3dc\u0119 do Polski.<\/p>\n<p>Donald Trump wielokrotnie publicznie chwali\u0142 polskiego prezydenta. Po og\u0142oszeniu wynik\u00f3w wybor\u00f3w napisa\u0142 w mediach spo\u0142eczno\u015bciowych: \u201eSojusznik Trumpa wygrywa w Polsce, szokuj\u0105c wszystkich w Europie\u201d \u2013 cytuj\u0105c nag\u0142\u00f3wek portalu Newsmax. Pod koniec lipca ponownie pogratulowa\u0142 Nawrockiemu: \u201eZnakomite zwyci\u0119stwo Karola Nawrockiego. B\u0119dzie wspania\u0142ym prezydentem. Zwyci\u0119\u017cy\u0142, bo naprawd\u0119 kocha Polak\u00f3w\u201d.<\/p>\n<p style=\"text-align: right\"><em>Na podst. Polsat News<\/em><\/p>\n","protected":false},"excerpt":{"rendered":"<p>Prezydent USA Donald Trump zaprosi\u0142 prezydenta RP Karola Nawrockiego do Bia\u0142ego Domu na oficjalne spotkanie robocze \u2013 poinformowa\u0142 w mediach spo\u0142eczno\u015bciowych szef gabinetu prezydenta, Pawe\u0142&hellip;<\/p>\n","protected":false},"author":3,"featured_media":3149,"comment_status":"open","ping_status":"open","sticky":false,"template":"","format":"standard","meta":{"footnotes":""},"categories":[14,18],"tags":[],"class_list":["post-3148","post","type-post","status-publish","format-standard","has-post-thumbnail","hentry","category-polska","category-top-news"],"_links":{"self":[{"href":"https:\/\/radiopoloniawinnipeg.com\/index.php\/wp-json\/wp\/v2\/posts\/3148","targetHints":{"allow":["GET"]}}],"collection":[{"href":"https:\/\/radiopoloniawinnipeg.com\/index.php\/wp-json\/wp\/v2\/posts"}],"about":[{"href":"https:\/\/radiopoloniawinnipeg.com\/index.php\/wp-json\/wp\/v2\/types\/post"}],"author":[{"embeddable":true,"href":"https:\/\/radiopoloniawinnipeg.com\/index.php\/wp-json\/wp\/v2\/users\/3"}],"replies":[{"embeddable":true,"href":"https:\/\/radiopoloniawinnipeg.com\/index.php\/wp-json\/wp\/v2\/comments?post=3148"}],"version-history":[{"count":0,"href":"https:\/\/radiopoloniawinnipeg.com\/index.php\/wp-json\/wp\/v2\/posts\/3148\/revisions"}],"wp:featuredmedia":[{"embeddable":true,"href":"https:\/\/radiopoloniawinnipeg.com\/index.php\/wp-json\/wp\/v2\/media\/3149"}],"wp:attachment":[{"href":"https:\/\/radiopoloniawinnipeg.com\/index.php\/wp-json\/wp\/v2\/media?parent=3148"}],"wp:term":[{"taxonomy":"category","embeddable":true,"href":"https:\/\/radiopoloniawinnipeg.com\/index.php\/wp-json\/wp\/v2\/categories?post=3148"},{"taxonomy":"post_tag","embeddable":true,"href":"https:\/\/radiopoloniawinnipeg.com\/index.php\/wp-json\/wp\/v2\/tags?post=3148"}],"curies":[{"name":"wp","href":"https:\/\/api.w.org\/{rel}","templated":true}]}}