{"id":3150,"date":"2025-08-09T08:30:09","date_gmt":"2025-08-09T12:30:09","guid":{"rendered":"https:\/\/radiopoloniawinnipeg.com\/index.php\/2025\/08\/09\/rosja-zamyka-polski-konsulat-w-krolewcu\/"},"modified":"2025-08-09T08:30:09","modified_gmt":"2025-08-09T12:30:09","slug":"rosja-zamyka-polski-konsulat-w-krolewcu","status":"publish","type":"post","link":"https:\/\/radiopoloniawinnipeg.com\/index.php\/2025\/08\/09\/rosja-zamyka-polski-konsulat-w-krolewcu\/","title":{"rendered":"Rosja zamyka polski konsulat w Kr\u00f3lewcu"},"content":{"rendered":"<div id=\"attachment_220140\" style=\"width: 646px\" class=\"wp-caption aligncenter\"><img decoding=\"async\" loading=\"lazy\" aria-describedby=\"caption-attachment-220140\" class=\"size-custom-full-size wp-image-220140\" src=\"https:\/\/bejsment.com\/wp-content\/uploads\/2025\/08\/aalawrow-636x358.jpg\" alt=\"\" width=\"636\" height=\"358\" \/><\/p>\n<p id=\"caption-attachment-220140\" class=\"wp-caption-text\">Minister spraw zagranicznych Rosji Siergiej \u0141awrow<\/p>\n<\/div>\n<p><strong>Ministerstwo Spraw Zagranicznych Rosji potwierdzi\u0142o, \u017ce 29 sierpnia przestanie funkcjonowa\u0107 Konsulat Generalny RP w Kr\u00f3lewcu. Jak podkre\u015bli\u0142 dyrektor Departamentu Konsularnego rosyjskiego MSZ Aleksiej Klimow, jest to odwet za zamkni\u0119cie przez Polsk\u0119 rosyjskiej plac\u00f3wki w Krakowie.<\/strong><\/p>\n<p>\u2013 \u017baden wrogi atak na nasz kraj nie pozostanie bez odpowiedniej reakcji i konsekwencji \u2013 o\u015bwiadczy\u0142 Klimow w rozmowie z agencj\u0105 TASS.<\/p>\n<p>W komunikacie opublikowanym na stronie MSZ Rosji, kierowanego przez Siergieja \u0141awrowa, podano, \u017ce decyzja jest bezpo\u015bredni\u0105 odpowiedzi\u0105 na dzia\u0142ania polskich w\u0142adz, kt\u00f3re 30 czerwca cofn\u0119\u0142y zgod\u0119 na funkcjonowanie Konsulatu Generalnego Federacji Rosyjskiej w Krakowie.<\/p>\n<p>Minister spraw zagranicznych Rados\u0142aw Sikorski uzasadnia\u0142 t\u0119 decyzj\u0119 dowodami, \u017ce rosyjskie s\u0142u\u017cby specjalne sta\u0142y za aktem dywersji wobec centrum handlowego przy Marywilskiej w Warszawie.<\/p>\n<p>Klimow przypomnia\u0142, \u017ce o planach zamkni\u0119cia polskiego konsulatu w Kr\u00f3lewcu strona rosyjska poinformowa\u0142a Warszaw\u0119 11 lipca. Wed\u0142ug niego jest to reakcja na \u201eredukcj\u0119 rosyjskiej obecno\u015bci dyplomatycznej w Polsce pod absurdalnym pretekstem\u201d.<\/p>\n<p>Rosyjski dyplomata doda\u0142, \u017ce po likwidacji konsulatu w Krakowie zwi\u0119kszy\u0142o si\u0119 obci\u0105\u017cenie pracownik\u00f3w wydzia\u0142u konsularnego Ambasady Rosji w Warszawie oraz konsulatu w Gda\u0144sku, jednak \u2013 jak zapewni\u0142 \u2013 radz\u0105 sobie oni z powierzonymi zadaniami.<\/p>\n<p>Klimow poinformowa\u0142 r\u00f3wnie\u017c, \u017ce Rosjanie, kt\u00f3rzy z\u0142o\u017cyli wnioski o dokumenty w zamkni\u0119tej plac\u00f3wce w Krakowie, mog\u0105 odebra\u0107 je bez umawiania wizyty w ambasadzie. W sprawach konsularnych \u2013 doda\u0142 \u2013 obywatele Rosji mog\u0105 kontaktowa\u0107 si\u0119 tak\u017ce z plac\u00f3wkami dyplomatycznymi Federacji Rosyjskiej w innych krajach.<\/p>\n<p><em>Na podst. Polsat News<\/em><\/p>\n","protected":false},"excerpt":{"rendered":"<p>Minister spraw zagranicznych Rosji Siergiej \u0141awrow Ministerstwo Spraw Zagranicznych Rosji potwierdzi\u0142o, \u017ce 29 sierpnia przestanie funkcjonowa\u0107 Konsulat Generalny RP w Kr\u00f3lewcu. Jak podkre\u015bli\u0142 dyrektor Departamentu&hellip;<\/p>\n","protected":false},"author":3,"featured_media":3151,"comment_status":"open","ping_status":"open","sticky":false,"template":"","format":"standard","meta":{"footnotes":""},"categories":[15,18],"tags":[],"class_list":["post-3150","post","type-post","status-publish","format-standard","has-post-thumbnail","hentry","category-swiat","category-top-news"],"_links":{"self":[{"href":"https:\/\/radiopoloniawinnipeg.com\/index.php\/wp-json\/wp\/v2\/posts\/3150","targetHints":{"allow":["GET"]}}],"collection":[{"href":"https:\/\/radiopoloniawinnipeg.com\/index.php\/wp-json\/wp\/v2\/posts"}],"about":[{"href":"https:\/\/radiopoloniawinnipeg.com\/index.php\/wp-json\/wp\/v2\/types\/post"}],"author":[{"embeddable":true,"href":"https:\/\/radiopoloniawinnipeg.com\/index.php\/wp-json\/wp\/v2\/users\/3"}],"replies":[{"embeddable":true,"href":"https:\/\/radiopoloniawinnipeg.com\/index.php\/wp-json\/wp\/v2\/comments?post=3150"}],"version-history":[{"count":0,"href":"https:\/\/radiopoloniawinnipeg.com\/index.php\/wp-json\/wp\/v2\/posts\/3150\/revisions"}],"wp:featuredmedia":[{"embeddable":true,"href":"https:\/\/radiopoloniawinnipeg.com\/index.php\/wp-json\/wp\/v2\/media\/3151"}],"wp:attachment":[{"href":"https:\/\/radiopoloniawinnipeg.com\/index.php\/wp-json\/wp\/v2\/media?parent=3150"}],"wp:term":[{"taxonomy":"category","embeddable":true,"href":"https:\/\/radiopoloniawinnipeg.com\/index.php\/wp-json\/wp\/v2\/categories?post=3150"},{"taxonomy":"post_tag","embeddable":true,"href":"https:\/\/radiopoloniawinnipeg.com\/index.php\/wp-json\/wp\/v2\/tags?post=3150"}],"curies":[{"name":"wp","href":"https:\/\/api.w.org\/{rel}","templated":true}]}}