{"id":3168,"date":"2025-08-10T10:30:06","date_gmt":"2025-08-10T14:30:06","guid":{"rendered":"https:\/\/radiopoloniawinnipeg.com\/index.php\/2025\/08\/10\/oburzajace-sceny-podczas-koncertu-bialoruskiego-artysty\/"},"modified":"2025-08-10T10:30:06","modified_gmt":"2025-08-10T14:30:06","slug":"oburzajace-sceny-podczas-koncertu-bialoruskiego-artysty","status":"publish","type":"post","link":"https:\/\/radiopoloniawinnipeg.com\/index.php\/2025\/08\/10\/oburzajace-sceny-podczas-koncertu-bialoruskiego-artysty\/","title":{"rendered":"Oburzaj\u0105ce sceny podczas koncertu bia\u0142oruskiego artysty"},"content":{"rendered":"<p><img decoding=\"async\" loading=\"lazy\" class=\"aligncenter size-custom-full-size wp-image-220228\" src=\"https:\/\/bejsment.com\/wp-content\/uploads\/2025\/08\/aanarodowy-636x358.jpg\" alt=\"\" width=\"636\" height=\"358\" \/><\/p>\n<p><strong>W sobot\u0119 na Stadionie Narodowym w Warszawie wyst\u0105pi\u0142 bia\u0142oruski raper Max Kor\u017c, znany z krytyki re\u017cimu Alaksandra \u0141ukaszenki. Artysta cieszy si\u0119 popularno\u015bci\u0105 nie tylko na Bia\u0142orusi, ale tak\u017ce na Ukrainie i w Rosji, a bilety na warszawski koncert rozesz\u0142y si\u0119 w trzy minuty. Wydarzenie przyci\u0105gn\u0119\u0142o t\u0142umy fan\u00f3w, g\u0142\u00f3wnie z Ukrainy.<\/strong><\/p>\n<p>Jeszcze przed rozpocz\u0119ciem wyst\u0119pu dosz\u0142o do zamieszania. Wed\u0142ug serwisu <em>Spiders Web<\/em>, uczestnicy zacz\u0119li zeskakiwa\u0107 z trybun na p\u0142yt\u0119 stadionu, a pr\u00f3by powstrzymania ich przez ochron\u0119 ko\u0144czy\u0142y si\u0119 przepychankami i upadkami.<\/p>\n<p><img decoding=\"async\" loading=\"lazy\" class=\"aligncenter size-custom-full-size wp-image-220227\" src=\"https:\/\/bejsment.com\/wp-content\/uploads\/2025\/08\/aakoncert-636x664.jpg\" alt=\"\" width=\"636\" height=\"664\" \/><\/p>\n<p>Podczas koncertu pod scen\u0105 pojawi\u0142y si\u0119 banderowskie flagi. Pose\u0142 PiS Dariusz Matecki zapowiedzia\u0142, \u017ce O\u015brodek Monitorowania Antypolonizmu z\u0142o\u017cy zawiadomienie do prokuratury, powo\u0142uj\u0105c si\u0119 na art. 256 kodeksu karnego dotycz\u0105cy propagowania ustroj\u00f3w totalitarnych. W ostrych s\u0142owach skrytykowa\u0142 uczestnik\u00f3w wydarzenia: \u201eMacie si\u0142\u0119 drze\u0107 mord\u0119 na\u00a0polskim stadionie z\u00a0flag\u0105 ludob\u00f3jc\u00f3w morduj\u0105cych dzieci, a\u00a0nie macie si\u0142y broni\u0107 w\u0142asnej ojczyzny? Precz z\u00a0Polski!&#8221;.<\/p>\n<p><strong>Nielegalny wyst\u0119p dzie\u0144 wcze\u015bniej<\/strong><br \/>\nJak poinformowa\u0142 portal <em>Miejski Reporter<\/em>, w przeddzie\u0144 g\u0142\u00f3wnego koncertu na warszawskiej Woli odby\u0142o si\u0119 nielegalne zgromadzenie z udzia\u0142em rapera. Podczas wydarzenia u\u017cywano rac i fajerwerk\u00f3w. Policja potwierdzi\u0142a, \u017ce na terenie prywatnym przy ul. Ordona zgromadzi\u0142o si\u0119 kilkaset os\u00f3b. Funkcjonariusze wystawili 25 mandat\u00f3w, a sze\u015b\u0107 os\u00f3b zatrzymano za posiadanie narkotyk\u00f3w.<\/p>\n<p style=\"text-align: right\"><em>Na podst. Spiders Web<\/em><\/p>\n","protected":false},"excerpt":{"rendered":"<p>W sobot\u0119 na Stadionie Narodowym w Warszawie wyst\u0105pi\u0142 bia\u0142oruski raper Max Kor\u017c, znany z krytyki re\u017cimu Alaksandra \u0141ukaszenki. Artysta cieszy si\u0119 popularno\u015bci\u0105 nie tylko na&hellip;<\/p>\n","protected":false},"author":3,"featured_media":3169,"comment_status":"open","ping_status":"open","sticky":false,"template":"","format":"standard","meta":{"footnotes":""},"categories":[14,18],"tags":[],"class_list":["post-3168","post","type-post","status-publish","format-standard","has-post-thumbnail","hentry","category-polska","category-top-news"],"_links":{"self":[{"href":"https:\/\/radiopoloniawinnipeg.com\/index.php\/wp-json\/wp\/v2\/posts\/3168","targetHints":{"allow":["GET"]}}],"collection":[{"href":"https:\/\/radiopoloniawinnipeg.com\/index.php\/wp-json\/wp\/v2\/posts"}],"about":[{"href":"https:\/\/radiopoloniawinnipeg.com\/index.php\/wp-json\/wp\/v2\/types\/post"}],"author":[{"embeddable":true,"href":"https:\/\/radiopoloniawinnipeg.com\/index.php\/wp-json\/wp\/v2\/users\/3"}],"replies":[{"embeddable":true,"href":"https:\/\/radiopoloniawinnipeg.com\/index.php\/wp-json\/wp\/v2\/comments?post=3168"}],"version-history":[{"count":0,"href":"https:\/\/radiopoloniawinnipeg.com\/index.php\/wp-json\/wp\/v2\/posts\/3168\/revisions"}],"wp:featuredmedia":[{"embeddable":true,"href":"https:\/\/radiopoloniawinnipeg.com\/index.php\/wp-json\/wp\/v2\/media\/3169"}],"wp:attachment":[{"href":"https:\/\/radiopoloniawinnipeg.com\/index.php\/wp-json\/wp\/v2\/media?parent=3168"}],"wp:term":[{"taxonomy":"category","embeddable":true,"href":"https:\/\/radiopoloniawinnipeg.com\/index.php\/wp-json\/wp\/v2\/categories?post=3168"},{"taxonomy":"post_tag","embeddable":true,"href":"https:\/\/radiopoloniawinnipeg.com\/index.php\/wp-json\/wp\/v2\/tags?post=3168"}],"curies":[{"name":"wp","href":"https:\/\/api.w.org\/{rel}","templated":true}]}}