{"id":3170,"date":"2025-08-10T12:15:08","date_gmt":"2025-08-10T16:15:08","guid":{"rendered":"https:\/\/radiopoloniawinnipeg.com\/index.php\/2025\/08\/10\/szlak-trumpa-ma-polaczyc-armenie-i-azerbejdzan-po-35-latach-wojny\/"},"modified":"2025-08-10T12:15:08","modified_gmt":"2025-08-10T16:15:08","slug":"szlak-trumpa-ma-polaczyc-armenie-i-azerbejdzan-po-35-latach-wojny","status":"publish","type":"post","link":"https:\/\/radiopoloniawinnipeg.com\/index.php\/2025\/08\/10\/szlak-trumpa-ma-polaczyc-armenie-i-azerbejdzan-po-35-latach-wojny\/","title":{"rendered":"\u201eSzlak Trumpa\u201d ma po\u0142\u0105czy\u0107 Armeni\u0119 i Azerbejd\u017can po 35 latach wojny"},"content":{"rendered":"<p><img decoding=\"async\" loading=\"lazy\" class=\"aligncenter size-custom-full-size wp-image-220264\" src=\"https:\/\/bejsment.com\/wp-content\/uploads\/2025\/08\/aaszlaktrumpa-636x403.jpeg\" alt=\"\" width=\"636\" height=\"403\" \/><\/p>\n<p><strong>Premier Armenii Nikol Paszynian i prezydent Azerbejd\u017canu Ilham Alijew podpisali w Bia\u0142ym Domu deklaracj\u0119 pokojow\u0105, przewiduj\u0105c\u0105 m.in. utworzenie \u201eSzlaku Trumpa na rzecz Mi\u0119dzynarodowego Pokoju i Dobrobytu\u201d (TRIPP). Obaj liderzy zapowiedzieli tak\u017ce, \u017ce zg\u0142osz\u0105 Donalda Trumpa do Pokojowej Nagrody Nobla.<\/strong><\/p>\n<p>Podczas ceremonii Donald Trump og\u0142osi\u0142, \u017ce podpisane dokumenty ko\u0144cz\u0105 35 lat konfliktu mi\u0119dzy Armeni\u0105 a Azerbejd\u017canem. \u2013 Wielu pr\u00f3bowa\u0142o znale\u017a\u0107 rozwi\u0105zanie, w tym UE i Rosja. \u015api\u0105cy Joe Biden pr\u00f3bowa\u0142\u2026 przez jakie\u015b 12 minut i mu si\u0119 nie uda\u0142o \u2013 stwierdzi\u0142, dodaj\u0105c, \u017ce porozumienie obejmuje trwa\u0142e zaprzestanie walk, otwarcie handlu, podr\u00f3\u017cy i stosunk\u00f3w dyplomatycznych oraz poszanowanie suwerenno\u015bci i integralno\u015bci terytorialnej obu pa\u0144stw.<\/p>\n<p>TRIPP ma po\u0142\u0105czy\u0107 Azerbejd\u017can z jego eksklaw\u0105 \u2013 Nachiczewa\u0144sk\u0105 Republik\u0105 Autonomiczn\u0105 \u2013 przez 32-kilometrowy odcinek terytorium Armenii. Wed\u0142ug Bia\u0142ego Domu nazwa zosta\u0142a zaproponowana przez Erywa\u0144. Projekt zak\u0142ada potencjalne 99-letnie partnerstwo gospodarcze USA z Armeni\u0105 w celu rozwoju korytarza.<\/p>\n<p>Porozumienie przewiduje r\u00f3wnie\u017c zniesienie trwaj\u0105cych od 1992 r. restrykcji na wsp\u00f3\u0142prac\u0119 obronn\u0105 USA z Azerbejd\u017canem oraz zako\u0144czenie udzia\u0142u Armenii i Azerbejd\u017canu w Grupie Mi\u0144skiej OBWE.<\/p>\n<p>Prezydent Alijew okre\u015bli\u0142 ten dzie\u0144 jako historyczny i wyrazi\u0142 \u201ewdzi\u0119czno\u015b\u0107 narodu azerbejd\u017ca\u0144skiego\u201d wobec Trumpa. Paszynian podkre\u015bli\u0142, \u017ce bez ameryka\u0144skiego prezydenta porozumienie nie by\u0142oby mo\u017cliwe i zapowiedzia\u0142, \u017ce projekt odblokuje ca\u0142y region oraz przyci\u0105gnie inwestycje.<\/p>\n<p>Cho\u0107 dokument nie jest prawnie wi\u0105\u017c\u0105cym traktatem pokojowym, Trump zapewni\u0142, \u017ce w razie problem\u00f3w obaj liderzy \u201emog\u0105 do niego zadzwoni\u0107\u201d. Nie odpowiedzia\u0142 jednak na pytanie, czy Ormianie b\u0119d\u0105 mogli wr\u00f3ci\u0107 do G\u00f3rskiego Karabachu.<\/p>\n<p style=\"text-align: right\"><em>Na podst. AP<\/em><\/p>\n","protected":false},"excerpt":{"rendered":"<p>Premier Armenii Nikol Paszynian i prezydent Azerbejd\u017canu Ilham Alijew podpisali w Bia\u0142ym Domu deklaracj\u0119 pokojow\u0105, przewiduj\u0105c\u0105 m.in. utworzenie \u201eSzlaku Trumpa na rzecz Mi\u0119dzynarodowego Pokoju i&hellip;<\/p>\n","protected":false},"author":3,"featured_media":3171,"comment_status":"open","ping_status":"open","sticky":false,"template":"","format":"standard","meta":{"footnotes":""},"categories":[15,18],"tags":[],"class_list":["post-3170","post","type-post","status-publish","format-standard","has-post-thumbnail","hentry","category-swiat","category-top-news"],"_links":{"self":[{"href":"https:\/\/radiopoloniawinnipeg.com\/index.php\/wp-json\/wp\/v2\/posts\/3170","targetHints":{"allow":["GET"]}}],"collection":[{"href":"https:\/\/radiopoloniawinnipeg.com\/index.php\/wp-json\/wp\/v2\/posts"}],"about":[{"href":"https:\/\/radiopoloniawinnipeg.com\/index.php\/wp-json\/wp\/v2\/types\/post"}],"author":[{"embeddable":true,"href":"https:\/\/radiopoloniawinnipeg.com\/index.php\/wp-json\/wp\/v2\/users\/3"}],"replies":[{"embeddable":true,"href":"https:\/\/radiopoloniawinnipeg.com\/index.php\/wp-json\/wp\/v2\/comments?post=3170"}],"version-history":[{"count":0,"href":"https:\/\/radiopoloniawinnipeg.com\/index.php\/wp-json\/wp\/v2\/posts\/3170\/revisions"}],"wp:featuredmedia":[{"embeddable":true,"href":"https:\/\/radiopoloniawinnipeg.com\/index.php\/wp-json\/wp\/v2\/media\/3171"}],"wp:attachment":[{"href":"https:\/\/radiopoloniawinnipeg.com\/index.php\/wp-json\/wp\/v2\/media?parent=3170"}],"wp:term":[{"taxonomy":"category","embeddable":true,"href":"https:\/\/radiopoloniawinnipeg.com\/index.php\/wp-json\/wp\/v2\/categories?post=3170"},{"taxonomy":"post_tag","embeddable":true,"href":"https:\/\/radiopoloniawinnipeg.com\/index.php\/wp-json\/wp\/v2\/tags?post=3170"}],"curies":[{"name":"wp","href":"https:\/\/api.w.org\/{rel}","templated":true}]}}