{"id":3184,"date":"2025-08-11T08:30:08","date_gmt":"2025-08-11T12:30:08","guid":{"rendered":"https:\/\/radiopoloniawinnipeg.com\/index.php\/2025\/08\/11\/izrael-zabil-pieciu-dziennikarzy-al-dzaziry-spor-o-to-kim-byli\/"},"modified":"2025-08-11T08:30:08","modified_gmt":"2025-08-11T12:30:08","slug":"izrael-zabil-pieciu-dziennikarzy-al-dzaziry-spor-o-to-kim-byli","status":"publish","type":"post","link":"https:\/\/radiopoloniawinnipeg.com\/index.php\/2025\/08\/11\/izrael-zabil-pieciu-dziennikarzy-al-dzaziry-spor-o-to-kim-byli\/","title":{"rendered":"Izrael zabi\u0142 pi\u0119ciu dziennikarzy Al-D\u017caziry. Sp\u00f3r o to, kim byli"},"content":{"rendered":"<p><img decoding=\"async\" loading=\"lazy\" class=\"aligncenter size-custom-full-size wp-image-220312\" src=\"https:\/\/bejsment.com\/wp-content\/uploads\/2025\/08\/aaizrael-636x477.jpg\" alt=\"\" width=\"636\" height=\"477\" \/><\/p>\n<p><strong>Podczas izraelskiego ataku na Stref\u0119 Gazy zgin\u0119\u0142o pi\u0119ciu pracownik\u00f3w katarskiej telewizji Al-D\u017cazira. Stacja poinformowa\u0142a, \u017ce nalot uderzy\u0142 w namiot ustawiony niedaleko wej\u015bcia do szpitala Al-Szifa w Gazie. W\u015br\u00f3d ofiar jest 28-letni dziennikarz Al-Szarif, drugi reporter oraz trzech operator\u00f3w kamer.<\/strong><\/p>\n<p>Izraelskie wojsko w o\u015bwiadczeniu poda\u0142o, \u017ce Al-Szarif mia\u0142 kierowa\u0107 kom\u00f3rk\u0105 Hamasu odpowiedzialn\u0105 za ostrza\u0142y rakietowe na izraelskich cywil\u00f3w i \u017co\u0142nierzy. Armia twierdzi, \u017ce jego powi\u0105zania z Hamasem potwierdzaj\u0105 dokumenty zdobyte w Gazie, a cz\u0119\u015b\u0107 tych materia\u0142\u00f3w opublikowano ju\u017c w pa\u017adzierniku 2024 r.<\/p>\n<p>Al-D\u017cazira stanowczo odrzuca te zarzuty, nazywaj\u0105c je bezpodstawnymi i wymierzonymi w jej pracownik\u00f3w w celu usprawiedliwienia atak\u00f3w na dziennikarzy. Komitet Obrony Dziennikarzy (CPJ) pod koniec lipca wyrazi\u0142 obawy, \u017ce Al-Szarif pad\u0142 ofiar\u0105 kampanii oszczerstw ze strony izraelskiej armii, co mog\u0142o narazi\u0107 go na \u015bmier\u0107.<\/p>\n<p>Wed\u0142ug danych CPJ, od pocz\u0105tku wojny w Strefie Gazy \u017cycie straci\u0142o ju\u017c ponad 186 przedstawicieli medi\u00f3w, z czego zdecydowana wi\u0119kszo\u015b\u0107 to Palesty\u0144czycy.<\/p>\n<h3><strong>Katastrofa g\u0142odowa w Gazie<\/strong><\/h3>\n<p>R\u00f3wnolegle dramatycznie ro\u015bnie liczba ofiar g\u0142odu w Strefie Gazy. ONZ i organizacje humanitarne ostrzegaj\u0105 przed katastrofaln\u0105 sytuacj\u0105. Raport IPC (Integrated Food Security Phase Classification) z 29 lipca 2025 r. wskazuje, \u017ce trwaj\u0105ce walki, masowe wysiedlenia i niemal ca\u0142kowity brak pomocy doprowadzi\u0142y do skrajnego braku \u017cywno\u015bci.<\/p>\n<p>W wi\u0119kszo\u015bci region\u00f3w przekroczono progi g\u0142odu wed\u0142ug systemu IPC, a w mie\u015bcie Gaza odsetek ostrych przypadk\u00f3w niedo\u017cywienia u dzieci osi\u0105gn\u0105\u0142 poziom kl\u0119ski g\u0142odu. Ponad 500 tys. os\u00f3b znajduje si\u0119 w stanie katastrofalnym (Faza 5), a wiele rodzin przez dni nie ma co je\u015b\u0107. Od maja ponad tysi\u0105c os\u00f3b zgin\u0119\u0142o, pr\u00f3buj\u0105c zdoby\u0107 \u017cywno\u015b\u0107.<\/p>\n<p>Dyrektor wykonawcza \u015awiatowego Programu \u017bywno\u015bciowego ONZ Cindy McCain podkre\u015bla, \u017ce zrzuty z powietrza nie s\u0105 skutecznym rozwi\u0105zaniem w obecnych warunkach. \u2013 W Gazie p\u00f3\u0142 miliona os\u00f3b g\u0142oduje, a dost\u0119p do nich jest niemal niemo\u017cliwy \u2013 zaznaczy\u0142a.<\/p>\n<p style=\"text-align: right\"><em>Na podst. AP, Al-D\u017cazira <\/em><\/p>\n","protected":false},"excerpt":{"rendered":"<p>Podczas izraelskiego ataku na Stref\u0119 Gazy zgin\u0119\u0142o pi\u0119ciu pracownik\u00f3w katarskiej telewizji Al-D\u017cazira. Stacja poinformowa\u0142a, \u017ce nalot uderzy\u0142 w namiot ustawiony niedaleko wej\u015bcia do szpitala Al-Szifa&hellip;<\/p>\n","protected":false},"author":3,"featured_media":3185,"comment_status":"open","ping_status":"open","sticky":false,"template":"","format":"standard","meta":{"footnotes":""},"categories":[15,18],"tags":[],"class_list":["post-3184","post","type-post","status-publish","format-standard","has-post-thumbnail","hentry","category-swiat","category-top-news"],"_links":{"self":[{"href":"https:\/\/radiopoloniawinnipeg.com\/index.php\/wp-json\/wp\/v2\/posts\/3184","targetHints":{"allow":["GET"]}}],"collection":[{"href":"https:\/\/radiopoloniawinnipeg.com\/index.php\/wp-json\/wp\/v2\/posts"}],"about":[{"href":"https:\/\/radiopoloniawinnipeg.com\/index.php\/wp-json\/wp\/v2\/types\/post"}],"author":[{"embeddable":true,"href":"https:\/\/radiopoloniawinnipeg.com\/index.php\/wp-json\/wp\/v2\/users\/3"}],"replies":[{"embeddable":true,"href":"https:\/\/radiopoloniawinnipeg.com\/index.php\/wp-json\/wp\/v2\/comments?post=3184"}],"version-history":[{"count":0,"href":"https:\/\/radiopoloniawinnipeg.com\/index.php\/wp-json\/wp\/v2\/posts\/3184\/revisions"}],"wp:featuredmedia":[{"embeddable":true,"href":"https:\/\/radiopoloniawinnipeg.com\/index.php\/wp-json\/wp\/v2\/media\/3185"}],"wp:attachment":[{"href":"https:\/\/radiopoloniawinnipeg.com\/index.php\/wp-json\/wp\/v2\/media?parent=3184"}],"wp:term":[{"taxonomy":"category","embeddable":true,"href":"https:\/\/radiopoloniawinnipeg.com\/index.php\/wp-json\/wp\/v2\/categories?post=3184"},{"taxonomy":"post_tag","embeddable":true,"href":"https:\/\/radiopoloniawinnipeg.com\/index.php\/wp-json\/wp\/v2\/tags?post=3184"}],"curies":[{"name":"wp","href":"https:\/\/api.w.org\/{rel}","templated":true}]}}