{"id":3186,"date":"2025-08-11T09:30:04","date_gmt":"2025-08-11T13:30:04","guid":{"rendered":"https:\/\/radiopoloniawinnipeg.com\/index.php\/2025\/08\/11\/stewardesy-air-canada-szykuja-protest\/"},"modified":"2025-08-11T09:30:04","modified_gmt":"2025-08-11T13:30:04","slug":"stewardesy-air-canada-szykuja-protest","status":"publish","type":"post","link":"https:\/\/radiopoloniawinnipeg.com\/index.php\/2025\/08\/11\/stewardesy-air-canada-szykuja-protest\/","title":{"rendered":"Stewardesy Air Canada szykuj\u0105 protest"},"content":{"rendered":"<p><img decoding=\"async\" loading=\"lazy\" class=\"aligncenter size-custom-full-size wp-image-220298\" src=\"https:\/\/bejsment.com\/wp-content\/uploads\/2025\/08\/aaaikanada-636x443.jpg\" alt=\"\" width=\"636\" height=\"443\" \/><\/p>\n<p><strong>W poniedzia\u0142ek stewardesy Air Canada maj\u0105 pikietowa\u0107 na lotniskach w czterech najwi\u0119kszych miastach kraju. Kanadyjski Zwi\u0105zek Pracownik\u00f3w Sektora Publicznego (CUPE) okre\u015bla to wydarzenie mianem \u201eog\u00f3lnokrajowego dnia akcji\u201d.<\/strong><\/p>\n<p>Demonstracje zaplanowano na godzin\u0119 13:00 czasu wschodniego w nast\u0119puj\u0105cych lokalizacjach: lotnisko im. Pierre\u2019a Elliota Trudeau w Montrealu, lotnisko im. Pearsona w Toronto, lotnisko w Vancouver oraz lotnisko w Calgary.<\/p>\n<p>CUPE podkre\u015bla, \u017ce protest ma zwr\u00f3ci\u0107 uwag\u0119 opinii publicznej na problem \u201ep\u0142ac g\u0142odowych\u201d oraz nieodp\u0142atnej pracy wykonywanej przez personel pok\u0142adowy, gdy samolot stoi na p\u0142ycie lotniska.<\/p>\n<p>Zwi\u0105zek poinformowa\u0142, \u017ce jego oddzia\u0142 w Air Canada powr\u00f3ci do sto\u0142u negocjacyjnego w pi\u0105tek. Rozmowy odb\u0119d\u0105 si\u0119 po tym, jak 99,7 proc. cz\u0142onk\u00f3w zag\u0142osowa\u0142o za mo\u017cliwo\u015bci\u0105 strajku. Wynik g\u0142osowania, og\u0142oszony we wtorek, oznacza, \u017ce stewardesy mog\u0142yby rozpocz\u0105\u0107 strajk ju\u017c 16 sierpnia o p\u00f3\u0142nocy, pod warunkiem wcze\u015bniejszego, 72-godzinnego powiadomienia pracodawcy.<\/p>\n<p>Negocjacje kontraktowe trwaj\u0105 od pocz\u0105tku roku. Decyzja o g\u0142osowaniu strajkowym zapad\u0142a po zako\u0144czeniu procesu pojednawczego, kt\u00f3ry \u2013 mimo pr\u00f3b \u2013 nie doprowadzi\u0142 do porozumienia mi\u0119dzy lini\u0105 lotnicz\u0105 a zwi\u0105zkiem zawodowym.<\/p>\n<p style=\"text-align: right\"><em>Na podst. Canadian Press<\/em><\/p>\n","protected":false},"excerpt":{"rendered":"<p>W poniedzia\u0142ek stewardesy Air Canada maj\u0105 pikietowa\u0107 na lotniskach w czterech najwi\u0119kszych miastach kraju. Kanadyjski Zwi\u0105zek Pracownik\u00f3w Sektora Publicznego (CUPE) okre\u015bla to wydarzenie mianem \u201eog\u00f3lnokrajowego&hellip;<\/p>\n","protected":false},"author":3,"featured_media":3187,"comment_status":"open","ping_status":"open","sticky":false,"template":"","format":"standard","meta":{"footnotes":""},"categories":[12,18],"tags":[],"class_list":["post-3186","post","type-post","status-publish","format-standard","has-post-thumbnail","hentry","category-kanada","category-top-news"],"_links":{"self":[{"href":"https:\/\/radiopoloniawinnipeg.com\/index.php\/wp-json\/wp\/v2\/posts\/3186","targetHints":{"allow":["GET"]}}],"collection":[{"href":"https:\/\/radiopoloniawinnipeg.com\/index.php\/wp-json\/wp\/v2\/posts"}],"about":[{"href":"https:\/\/radiopoloniawinnipeg.com\/index.php\/wp-json\/wp\/v2\/types\/post"}],"author":[{"embeddable":true,"href":"https:\/\/radiopoloniawinnipeg.com\/index.php\/wp-json\/wp\/v2\/users\/3"}],"replies":[{"embeddable":true,"href":"https:\/\/radiopoloniawinnipeg.com\/index.php\/wp-json\/wp\/v2\/comments?post=3186"}],"version-history":[{"count":0,"href":"https:\/\/radiopoloniawinnipeg.com\/index.php\/wp-json\/wp\/v2\/posts\/3186\/revisions"}],"wp:featuredmedia":[{"embeddable":true,"href":"https:\/\/radiopoloniawinnipeg.com\/index.php\/wp-json\/wp\/v2\/media\/3187"}],"wp:attachment":[{"href":"https:\/\/radiopoloniawinnipeg.com\/index.php\/wp-json\/wp\/v2\/media?parent=3186"}],"wp:term":[{"taxonomy":"category","embeddable":true,"href":"https:\/\/radiopoloniawinnipeg.com\/index.php\/wp-json\/wp\/v2\/categories?post=3186"},{"taxonomy":"post_tag","embeddable":true,"href":"https:\/\/radiopoloniawinnipeg.com\/index.php\/wp-json\/wp\/v2\/tags?post=3186"}],"curies":[{"name":"wp","href":"https:\/\/api.w.org\/{rel}","templated":true}]}}