{"id":3188,"date":"2025-08-11T10:30:07","date_gmt":"2025-08-11T14:30:07","guid":{"rendered":"https:\/\/radiopoloniawinnipeg.com\/index.php\/2025\/08\/11\/kosiniak-kamysz-zapowiada-przyspieszenie-prac-nad-ustawa-o-zwiazkach-partnerskich\/"},"modified":"2025-08-11T10:30:07","modified_gmt":"2025-08-11T14:30:07","slug":"kosiniak-kamysz-zapowiada-przyspieszenie-prac-nad-ustawa-o-zwiazkach-partnerskich","status":"publish","type":"post","link":"https:\/\/radiopoloniawinnipeg.com\/index.php\/2025\/08\/11\/kosiniak-kamysz-zapowiada-przyspieszenie-prac-nad-ustawa-o-zwiazkach-partnerskich\/","title":{"rendered":"Kosiniak-Kamysz zapowiada przyspieszenie prac nad ustaw\u0105 o zwi\u0105zkach partnerskich"},"content":{"rendered":"<p><img decoding=\"async\" loading=\"lazy\" class=\"aligncenter size-custom-full-size wp-image-220306\" src=\"https:\/\/bejsment.com\/wp-content\/uploads\/2025\/08\/aakosiniak2-636x478.jpg\" alt=\"\" width=\"636\" height=\"478\" \/><\/p>\n<p><strong>Wicepremier i szef PSL W\u0142adys\u0142aw Kosiniak-Kamysz zapowiedzia\u0142, \u017ce ustawa o zwi\u0105zkach partnerskich zostanie uchwalona w ci\u0105gu najbli\u017cszych tygodni.<\/strong><\/p>\n<p>\u2013 Spraw\u0119 ustawy o zwi\u0105zkach partnerskich sfinalizujemy w ci\u0105gu najbli\u017cszych tygodni. Do ko\u0144ca roku chcemy zamkn\u0105\u0107 wszystkie tematy \u015bwiatopogl\u0105dowe \u2013 powiedzia\u0142 w rozmowie z \u201eRzeczpospolit\u0105\u201d. Doda\u0142, \u017ce obok legalizacji zwi\u0105zk\u00f3w partnerskich rz\u0105d planuje tak\u017ce zmiany w prawie rozwodowym, maj\u0105ce u\u0142atwi\u0107 zako\u0144czenie ma\u0142\u017ce\u0144stwa.<\/p>\n<p>Kosiniak-Kamysz podkre\u015bli\u0142, \u017ce celem rz\u0105du jest \u201eu\u0142atwianie \u017cycia ludziom\u201d i prowadzenie szerokich konsultacji spo\u0142ecznych.<\/p>\n<p>\u2013 Nie b\u0119dziemy przeciwko u\u0142atwieniom dla ludzi, dlatego te\u017c stawiamy na konsultacje spo\u0142eczne \u2013 zaznaczy\u0142.<\/p>\n<p>Wicepremier odni\u00f3s\u0142 si\u0119 r\u00f3wnie\u017c do relacji z nowym prezydentem Karolem Nawrockim, zapowiadaj\u0105c wsp\u00f3\u0142prac\u0119 w obszarze bezpiecze\u0144stwa.<\/p>\n<p>\u2013 Rz\u0105d jest od rz\u0105dzenia, a pan prezydent w du\u017cej mierze pe\u0142ni funkcj\u0119 reprezentacyjn\u0105 \u2013 stwierdzi\u0142. Wyrazi\u0142 nadziej\u0119, \u017ce \u201esprawy zwi\u0105zane ze strategicznym podej\u015bciem do bezpiecze\u0144stwa b\u0119d\u0105 wyj\u0119te z bie\u017c\u0105cego sporu i pozbawione politycznych emocji\u201d, podobnie jak \u2013 jego zdaniem \u2013 udawa\u0142o si\u0119 to w minionych dw\u00f3ch latach we wsp\u00f3\u0142pracy z prezydentem Andrzejem Dud\u0105.<\/p>\n<p>Lider PSL nie ma jednak ostatnio \u0142atwego czasu. Podczas zaprzysi\u0119\u017cenia Karola Nawrockiego na prezydenta, w trakcie uroczysto\u015bci na placu Pi\u0142sudskiego, kiedy nowa g\u0142owa pa\u0144stwa przejmowa\u0142a zwierzchnictwo nad si\u0142ami zbrojnymi, Kosiniak-Kamysz zosta\u0142 wygwizdany przez cz\u0119\u015b\u0107 publiczno\u015bci.<\/p>\n<p>Jak m\u00f3wi\u0142 w rozmowie z Wirtualn\u0105 Polsk\u0105, s\u0142ysza\u0142 \u201enienawistne krzyki\u201d i \u201ewiele wypowiedzi, kt\u00f3re nie s\u0142u\u017c\u0105 budowaniu wsp\u00f3lnoty narodowej w dniu zaprzysi\u0119\u017cenia prezydenta\u201d. Wielu komentator\u00f3w politycznych okre\u015bli\u0142o t\u0119 scen\u0119 jako upokarzaj\u0105c\u0105 i symbolicznie oddaj\u0105c\u0105 trudn\u0105 wsp\u00f3\u0142prac\u0119 lidera PSL z premierem Donaldem Tuskiem.<\/p>\n<p style=\"text-align: right\">Na podst. i.Pl<\/p>\n","protected":false},"excerpt":{"rendered":"<p>Wicepremier i szef PSL W\u0142adys\u0142aw Kosiniak-Kamysz zapowiedzia\u0142, \u017ce ustawa o zwi\u0105zkach partnerskich zostanie uchwalona w ci\u0105gu najbli\u017cszych tygodni. \u2013 Spraw\u0119 ustawy o zwi\u0105zkach partnerskich sfinalizujemy&hellip;<\/p>\n","protected":false},"author":3,"featured_media":3189,"comment_status":"open","ping_status":"open","sticky":false,"template":"","format":"standard","meta":{"footnotes":""},"categories":[14,18],"tags":[],"class_list":["post-3188","post","type-post","status-publish","format-standard","has-post-thumbnail","hentry","category-polska","category-top-news"],"_links":{"self":[{"href":"https:\/\/radiopoloniawinnipeg.com\/index.php\/wp-json\/wp\/v2\/posts\/3188","targetHints":{"allow":["GET"]}}],"collection":[{"href":"https:\/\/radiopoloniawinnipeg.com\/index.php\/wp-json\/wp\/v2\/posts"}],"about":[{"href":"https:\/\/radiopoloniawinnipeg.com\/index.php\/wp-json\/wp\/v2\/types\/post"}],"author":[{"embeddable":true,"href":"https:\/\/radiopoloniawinnipeg.com\/index.php\/wp-json\/wp\/v2\/users\/3"}],"replies":[{"embeddable":true,"href":"https:\/\/radiopoloniawinnipeg.com\/index.php\/wp-json\/wp\/v2\/comments?post=3188"}],"version-history":[{"count":0,"href":"https:\/\/radiopoloniawinnipeg.com\/index.php\/wp-json\/wp\/v2\/posts\/3188\/revisions"}],"wp:featuredmedia":[{"embeddable":true,"href":"https:\/\/radiopoloniawinnipeg.com\/index.php\/wp-json\/wp\/v2\/media\/3189"}],"wp:attachment":[{"href":"https:\/\/radiopoloniawinnipeg.com\/index.php\/wp-json\/wp\/v2\/media?parent=3188"}],"wp:term":[{"taxonomy":"category","embeddable":true,"href":"https:\/\/radiopoloniawinnipeg.com\/index.php\/wp-json\/wp\/v2\/categories?post=3188"},{"taxonomy":"post_tag","embeddable":true,"href":"https:\/\/radiopoloniawinnipeg.com\/index.php\/wp-json\/wp\/v2\/tags?post=3188"}],"curies":[{"name":"wp","href":"https:\/\/api.w.org\/{rel}","templated":true}]}}