{"id":3194,"date":"2025-08-11T15:00:12","date_gmt":"2025-08-11T19:00:12","guid":{"rendered":"https:\/\/radiopoloniawinnipeg.com\/index.php\/2025\/08\/11\/prezydent-usa-donald-trump-zapowiedzial-wyslanie-gwardii-narodowej-na-ulice-waszyngtonu\/"},"modified":"2025-08-11T15:00:12","modified_gmt":"2025-08-11T19:00:12","slug":"prezydent-usa-donald-trump-zapowiedzial-wyslanie-gwardii-narodowej-na-ulice-waszyngtonu","status":"publish","type":"post","link":"https:\/\/radiopoloniawinnipeg.com\/index.php\/2025\/08\/11\/prezydent-usa-donald-trump-zapowiedzial-wyslanie-gwardii-narodowej-na-ulice-waszyngtonu\/","title":{"rendered":"Prezydent USA Donald Trump zapowiedzia\u0142 wys\u0142anie Gwardii Narodowej na ulice Waszyngtonu"},"content":{"rendered":"<p>Podczas poniedzia\u0142kowej konferencji prasowej Donald Trump og\u0142osi\u0142, \u017ce lokalna policja przejdzie pod kontrol\u0119 w\u0142adz federalnych, a celem tej operacji b\u0119dzie przywr\u00f3cenie porz\u0105dku, prawa i bezpiecze\u0144stwa.<\/p>\n<p>Wpis na platformie Truth Social utrzymany by\u0142 w ostrym tonie: \u201eWaszyngton zostanie dzi\u015b wyzwolony! Przest\u0119pczo\u015b\u0107, dziko\u015b\u0107, brud i szumowiny znikn\u0105. Uczyni\u0119 nasz\u0105 stolic\u0119 ponownie wielk\u0105! Czasy bezlitosnego zabijania i krzywdzenia niewinnych ludzi dobieg\u0142y ko\u0144ca! Szybko naprawi\u0142em granic\u0119 \u2013 zero nielegalnych imigrant\u00f3w w ostatnich trzech miesi\u0105cach \u2013 teraz czas na Waszyngton!\u201d.<\/p>\n<p>Trump ju\u017c w sobot\u0119 stwierdzi\u0142, \u017ce Waszyngton sta\u0142 si\u0119 jednym z najniebezpieczniejszych miast \u015bwiata, mimo \u017ce statystyki pokazuj\u0105, i\u017c ubieg\u0142y rok by\u0142 pod wzgl\u0119dem przest\u0119pczo\u015bci najbezpieczniejszy od trzech dekad.<\/p>\n<p>W zesz\u0142ym tygodniu prezydent nakaza\u0142 zwi\u0119kszenie obecno\u015bci s\u0142u\u017cb federalnych w stolicy. Od nocy z czwartku na pi\u0105tek patroluj\u0105 one ulice, a operacja ma potrwa\u0107 siedem dni. Administracja Trumpa oskar\u017ca demokratyczne w\u0142adze miasta o nieskuteczn\u0105 walk\u0119 z przest\u0119pczo\u015bci\u0105. W ostatnich wyborach prezydenckich w Waszyngtonie Trump uzyska\u0142 jedynie 6,7 proc. g\u0142os\u00f3w.<\/p>\n","protected":false},"excerpt":{"rendered":"<p>Podczas poniedzia\u0142kowej konferencji prasowej Donald Trump og\u0142osi\u0142, \u017ce lokalna policja przejdzie pod kontrol\u0119 w\u0142adz federalnych, a celem tej operacji b\u0119dzie przywr\u00f3cenie porz\u0105dku, prawa i bezpiecze\u0144stwa.&hellip;<\/p>\n","protected":false},"author":3,"featured_media":3195,"comment_status":"open","ping_status":"open","sticky":false,"template":"","format":"standard","meta":{"footnotes":""},"categories":[15,18],"tags":[],"class_list":["post-3194","post","type-post","status-publish","format-standard","has-post-thumbnail","hentry","category-swiat","category-top-news"],"_links":{"self":[{"href":"https:\/\/radiopoloniawinnipeg.com\/index.php\/wp-json\/wp\/v2\/posts\/3194","targetHints":{"allow":["GET"]}}],"collection":[{"href":"https:\/\/radiopoloniawinnipeg.com\/index.php\/wp-json\/wp\/v2\/posts"}],"about":[{"href":"https:\/\/radiopoloniawinnipeg.com\/index.php\/wp-json\/wp\/v2\/types\/post"}],"author":[{"embeddable":true,"href":"https:\/\/radiopoloniawinnipeg.com\/index.php\/wp-json\/wp\/v2\/users\/3"}],"replies":[{"embeddable":true,"href":"https:\/\/radiopoloniawinnipeg.com\/index.php\/wp-json\/wp\/v2\/comments?post=3194"}],"version-history":[{"count":0,"href":"https:\/\/radiopoloniawinnipeg.com\/index.php\/wp-json\/wp\/v2\/posts\/3194\/revisions"}],"wp:featuredmedia":[{"embeddable":true,"href":"https:\/\/radiopoloniawinnipeg.com\/index.php\/wp-json\/wp\/v2\/media\/3195"}],"wp:attachment":[{"href":"https:\/\/radiopoloniawinnipeg.com\/index.php\/wp-json\/wp\/v2\/media?parent=3194"}],"wp:term":[{"taxonomy":"category","embeddable":true,"href":"https:\/\/radiopoloniawinnipeg.com\/index.php\/wp-json\/wp\/v2\/categories?post=3194"},{"taxonomy":"post_tag","embeddable":true,"href":"https:\/\/radiopoloniawinnipeg.com\/index.php\/wp-json\/wp\/v2\/tags?post=3194"}],"curies":[{"name":"wp","href":"https:\/\/api.w.org\/{rel}","templated":true}]}}