{"id":3200,"date":"2025-08-12T08:30:06","date_gmt":"2025-08-12T12:30:06","guid":{"rendered":"https:\/\/radiopoloniawinnipeg.com\/index.php\/2025\/08\/12\/ue-pokoj-bez-ukrainy-nie-wchodzi-w-gre\/"},"modified":"2025-08-12T08:30:06","modified_gmt":"2025-08-12T12:30:06","slug":"ue-pokoj-bez-ukrainy-nie-wchodzi-w-gre","status":"publish","type":"post","link":"https:\/\/radiopoloniawinnipeg.com\/index.php\/2025\/08\/12\/ue-pokoj-bez-ukrainy-nie-wchodzi-w-gre\/","title":{"rendered":"UE: Pok\u00f3j bez Ukrainy nie wchodzi w gr\u0119"},"content":{"rendered":"<p><img decoding=\"async\" loading=\"lazy\" class=\"aligncenter size-custom-full-size wp-image-220454\" src=\"https:\/\/bejsment.com\/wp-content\/uploads\/2025\/08\/aaue-636x478.jpg\" alt=\"\" width=\"636\" height=\"478\" \/><\/p>\n<p><strong>Przed zaplanowanym na pi\u0105tek spotkaniem prezydent\u00f3w USA i Rosji \u2013 Donalda Trumpa i W\u0142adimira Putina \u2013 przyw\u00f3dcy 26 pa\u0144stw Unii Europejskiej wydali wsp\u00f3lne o\u015bwiadczenie, podkre\u015blaj\u0105c, \u017ce droga do pokoju nie mo\u017ce zosta\u0107 wytyczona bez udzia\u0142u Ukrainy. Zaznaczyli r\u00f3wnie\u017c, \u017ce ka\u017cde porozumienie musi uwzgl\u0119dnia\u0107 bezpiecze\u0144stwo ca\u0142ej Europy.<\/strong><\/p>\n<p>Dokument, uzgodniony w nocy z poniedzia\u0142ku na wtorek, podpisa\u0142y wszystkie pa\u0144stwa cz\u0142onkowskie z wyj\u0105tkiem W\u0119gier. Premier Viktor Orban odm\u00f3wi\u0142 z\u0142o\u017cenia podpisu. W o\u015bwiadczeniu unijni liderzy wyrazili zadowolenie z wysi\u0142k\u00f3w prezydenta Trumpa na rzecz zako\u0144czenia rosyjskiej agresji, ale podkre\u015blili, \u017ce Kij\u00f3w musi bra\u0107 udzia\u0142 w negocjacjach. Zapowiedzieli te\u017c kontynuowanie sankcji wobec Rosji.<\/p>\n<p>Szczyt Trump\u2013Putin na Alasce, kt\u00f3ry odb\u0119dzie si\u0119 15 sierpnia, b\u0119dzie pierwszym spotkaniem przyw\u00f3dc\u00f3w USA i Rosji na ameryka\u0144skiej ziemi od 1988 roku. Trump zapowiedzia\u0142, \u017ce po rozmowach zadzwoni do prezydenta Ukrainy Wo\u0142odymyra Ze\u0142enskiego i lider\u00f3w europejskich, by przedstawi\u0107 mo\u017cliwe warunki porozumienia.<\/p>\n<p>Premier Donald Tusk, pytany o nadchodz\u0105ce spotkanie, przyzna\u0142, \u017ce wi\u0105\u017ce z nim zar\u00f3wno nadzieje, jak i obawy.<\/p>\n<p>\u2013 Dobrze pa\u0144stwo wiecie, jak r\u00f3\u017cne stanowiska potrafi\u0105 si\u0119 pojawia\u0107 po takich rozmowach \u2013 m\u00f3wi\u0142. Oceni\u0142, \u017ce Trump stosuje \u201etaktyk\u0119 nieprzewidywalno\u015bci\u201d i w ostatnich dniach by\u0142 pod silnym wra\u017ceniem rosyjskich atak\u00f3w na Kij\u00f3w, co \u2013 wed\u0142ug Tuska \u2013 mog\u0142o zbli\u017cy\u0107 go do argument\u00f3w Ukrainy i Europy.<\/p>\n<h3><strong>G\u0142os zabra\u0142 r\u00f3wnie\u017c polski minister spraw zagranicznych Rados\u0142aw Sikorski\u00a0<\/strong><\/h3>\n<p>\u2013 Jestem pewien, \u017ce\u00a0prezydent Trump rozumie, \u017ce\u00a0Ukraina nie\u00a0potrzebuje niczyjej pomocy, by\u00a0skapitulowa\u0107 przed Rosj\u0105. Ukraina potrzebuje pomocy, by\u00a0osi\u0105gn\u0105\u0107 sprawiedliwy pok\u00f3j i\u00a0mie\u0107 granice, kt\u00f3rych b\u0119dzie mog\u0142a broni\u0107 \u2013\u00a0powiedzia\u0142 szef MSZ.<\/p>\n<p>Zaznaczy\u0142, \u017ce\u00a0nie uwa\u017ca za\u00a0stosowne publicznie dyskutowa\u0107 o\u00a0tym, co\u00a0Ukraina jest gotowa po\u015bwi\u0119ci\u0107 w\u00a0imi\u0119 pokoju, a\u00a0w\u00a0ka\u017cdym razie decyzje w\u00a0tej sprawie powinien podejmowa\u0107 Kij\u00f3w.<\/p>\n<p>\u2013 Jako obcokrajowcy, nie\u00a0powinni\u015bmy poucza\u0107 ofiar agresji, jak udobrucha\u0107 agresora, bo\u00a0to Ukraina b\u0119dzie musia\u0142a ponie\u015b\u0107 tego konsekwencje \u2013\u00a0m\u00f3wi\u0142 Sikorski, przekonuj\u0105c, \u017ce\u00a0samo zawieszenie broni nie\u00a0rozwi\u0105\u017ce problemu.<\/p>\n<p>\u2013 W\u0142a\u015bciwie zgadzam si\u0119 z\u00a0Rosjanami, \u017ce\u00a0nale\u017cy zaj\u0105\u0107 si\u0119 przyczynami tej wojny. Moim zdaniem to\u00a0rosyjski imperializm, fakt, \u017ce\u00a0W\u0142adimir Putin przyzna\u0142 sobie prawo do\u00a0decydowania, kto mo\u017ce, a\u00a0kto nie\u00a0mo\u017ce by\u0107 narodem i\u00a0w\u00a0jakich granicach \u2013\u00a0oceni\u0142.<\/p>\n<p>Sikorski przypomnia\u0142 r\u00f3wnie\u017c, \u017ce\u00a0Putin podpisa\u0142 ju\u017c porozumienie z\u00a0Ukrain\u0105, gwarantuj\u0105ce jej uznane przez spo\u0142eczno\u015b\u0107 mi\u0119dzynarodow\u0105 granice, kt\u00f3re zosta\u0142o ratyfikowane przez oba kraje w\u00a02004\u00a0roku.<\/p>\n<p style=\"text-align: right\"><em>Na podst. i.Pl<\/em><\/p>\n","protected":false},"excerpt":{"rendered":"<p>Przed zaplanowanym na pi\u0105tek spotkaniem prezydent\u00f3w USA i Rosji \u2013 Donalda Trumpa i W\u0142adimira Putina \u2013 przyw\u00f3dcy 26 pa\u0144stw Unii Europejskiej wydali wsp\u00f3lne o\u015bwiadczenie, podkre\u015blaj\u0105c,&hellip;<\/p>\n","protected":false},"author":3,"featured_media":3201,"comment_status":"open","ping_status":"open","sticky":false,"template":"","format":"standard","meta":{"footnotes":""},"categories":[15,18],"tags":[],"class_list":["post-3200","post","type-post","status-publish","format-standard","has-post-thumbnail","hentry","category-swiat","category-top-news"],"_links":{"self":[{"href":"https:\/\/radiopoloniawinnipeg.com\/index.php\/wp-json\/wp\/v2\/posts\/3200","targetHints":{"allow":["GET"]}}],"collection":[{"href":"https:\/\/radiopoloniawinnipeg.com\/index.php\/wp-json\/wp\/v2\/posts"}],"about":[{"href":"https:\/\/radiopoloniawinnipeg.com\/index.php\/wp-json\/wp\/v2\/types\/post"}],"author":[{"embeddable":true,"href":"https:\/\/radiopoloniawinnipeg.com\/index.php\/wp-json\/wp\/v2\/users\/3"}],"replies":[{"embeddable":true,"href":"https:\/\/radiopoloniawinnipeg.com\/index.php\/wp-json\/wp\/v2\/comments?post=3200"}],"version-history":[{"count":0,"href":"https:\/\/radiopoloniawinnipeg.com\/index.php\/wp-json\/wp\/v2\/posts\/3200\/revisions"}],"wp:featuredmedia":[{"embeddable":true,"href":"https:\/\/radiopoloniawinnipeg.com\/index.php\/wp-json\/wp\/v2\/media\/3201"}],"wp:attachment":[{"href":"https:\/\/radiopoloniawinnipeg.com\/index.php\/wp-json\/wp\/v2\/media?parent=3200"}],"wp:term":[{"taxonomy":"category","embeddable":true,"href":"https:\/\/radiopoloniawinnipeg.com\/index.php\/wp-json\/wp\/v2\/categories?post=3200"},{"taxonomy":"post_tag","embeddable":true,"href":"https:\/\/radiopoloniawinnipeg.com\/index.php\/wp-json\/wp\/v2\/tags?post=3200"}],"curies":[{"name":"wp","href":"https:\/\/api.w.org\/{rel}","templated":true}]}}