{"id":3202,"date":"2025-08-12T10:30:06","date_gmt":"2025-08-12T14:30:06","guid":{"rendered":"https:\/\/radiopoloniawinnipeg.com\/index.php\/2025\/08\/12\/wstrzas-w-kopalni-knurow-szczyglowice-trwa-akcja-ratunkowa\/"},"modified":"2025-08-12T10:30:06","modified_gmt":"2025-08-12T14:30:06","slug":"wstrzas-w-kopalni-knurow-szczyglowice-trwa-akcja-ratunkowa","status":"publish","type":"post","link":"https:\/\/radiopoloniawinnipeg.com\/index.php\/2025\/08\/12\/wstrzas-w-kopalni-knurow-szczyglowice-trwa-akcja-ratunkowa\/","title":{"rendered":"Wstrz\u0105s w kopalni Knur\u00f3w-Szczyg\u0142owice. Trwa akcja ratunkowa"},"content":{"rendered":"<p><img decoding=\"async\" loading=\"lazy\" class=\"aligncenter size-custom-full-size wp-image-220439\" src=\"https:\/\/bejsment.com\/wp-content\/uploads\/2025\/08\/aakopalniaknurow3-636x409.jpg\" alt=\"\" width=\"636\" height=\"409\" \/><\/p>\n<p><strong>W kopalni w\u0119gla kamiennego Knur\u00f3w-Szczyg\u0142owice (woj. \u015bl\u0105skie) trwa akcja ratownicza po wstrz\u0105sie g\u00f3rotworu, do kt\u00f3rego dosz\u0142o w poniedzia\u0142ek, 11 sierpnia, o godz. 21:26. Pod ziemi\u0105, na g\u0142\u0119boko\u015bci 850 metr\u00f3w, pracowa\u0142o w\u00f3wczas dziewi\u0119ciu g\u00f3rnik\u00f3w. O\u015bmiu wydosta\u0142o si\u0119 o w\u0142asnych si\u0142ach, jeden \u2013 ok. 40-letni m\u0119\u017cczyzna \u2013 wci\u0105\u017c jest poszukiwany.<\/strong><\/p>\n<p>Jak poinformowa\u0142 zast\u0119pca dyrektora JSW Adam Rozmus, wiadomo, gdzie znajduje si\u0119 zaginiony g\u00f3rnik. Do jego miejsca ratownicy maj\u0105 jeszcze ok. 200 metr\u00f3w. W akcji, rozpocz\u0119tej o godz. 22:10, uczestniczy kilka zast\u0119p\u00f3w ratowniczych. Wed\u0142ug szacunk\u00f3w dzia\u0142ania potrwaj\u0105 jeszcze kilka godzin.<\/p>\n<p>G\u00f3rnicy, kt\u00f3rzy opu\u015bcili rejon wstrz\u0105su, trafili do szpitali na badania, ale nie odnie\u015bli obra\u017ce\u0144. W kopalni nie dosz\u0142o do zawa\u0142u ska\u0142, a pozosta\u0142e rejony zak\u0142adu pracuj\u0105 normalnie. Knur\u00f3w-Szczyg\u0142owice to cz\u0119\u015b\u0107 Jastrz\u0119bskiej Sp\u00f3\u0142ki W\u0119glowej, powsta\u0142a w 2010 r. z po\u0142\u0105czenia kopal\u0144 Knur\u00f3w i Szczyg\u0142owice.<\/p>\n<p style=\"text-align: right\"><em>Na podst. Polsat News<\/em><\/p>\n","protected":false},"excerpt":{"rendered":"<p>W kopalni w\u0119gla kamiennego Knur\u00f3w-Szczyg\u0142owice (woj. \u015bl\u0105skie) trwa akcja ratownicza po wstrz\u0105sie g\u00f3rotworu, do kt\u00f3rego dosz\u0142o w poniedzia\u0142ek, 11 sierpnia, o godz. 21:26. Pod ziemi\u0105,&hellip;<\/p>\n","protected":false},"author":3,"featured_media":3203,"comment_status":"open","ping_status":"open","sticky":false,"template":"","format":"standard","meta":{"footnotes":""},"categories":[14,18],"tags":[],"class_list":["post-3202","post","type-post","status-publish","format-standard","has-post-thumbnail","hentry","category-polska","category-top-news"],"_links":{"self":[{"href":"https:\/\/radiopoloniawinnipeg.com\/index.php\/wp-json\/wp\/v2\/posts\/3202","targetHints":{"allow":["GET"]}}],"collection":[{"href":"https:\/\/radiopoloniawinnipeg.com\/index.php\/wp-json\/wp\/v2\/posts"}],"about":[{"href":"https:\/\/radiopoloniawinnipeg.com\/index.php\/wp-json\/wp\/v2\/types\/post"}],"author":[{"embeddable":true,"href":"https:\/\/radiopoloniawinnipeg.com\/index.php\/wp-json\/wp\/v2\/users\/3"}],"replies":[{"embeddable":true,"href":"https:\/\/radiopoloniawinnipeg.com\/index.php\/wp-json\/wp\/v2\/comments?post=3202"}],"version-history":[{"count":0,"href":"https:\/\/radiopoloniawinnipeg.com\/index.php\/wp-json\/wp\/v2\/posts\/3202\/revisions"}],"wp:featuredmedia":[{"embeddable":true,"href":"https:\/\/radiopoloniawinnipeg.com\/index.php\/wp-json\/wp\/v2\/media\/3203"}],"wp:attachment":[{"href":"https:\/\/radiopoloniawinnipeg.com\/index.php\/wp-json\/wp\/v2\/media?parent=3202"}],"wp:term":[{"taxonomy":"category","embeddable":true,"href":"https:\/\/radiopoloniawinnipeg.com\/index.php\/wp-json\/wp\/v2\/categories?post=3202"},{"taxonomy":"post_tag","embeddable":true,"href":"https:\/\/radiopoloniawinnipeg.com\/index.php\/wp-json\/wp\/v2\/tags?post=3202"}],"curies":[{"name":"wp","href":"https:\/\/api.w.org\/{rel}","templated":true}]}}